{"id":13456,"date":"2016-09-18T19:01:22","date_gmt":"2016-09-18T19:01:22","guid":{"rendered":"http:\/\/www.federacaopaulistadefutsal.com.br\/?p=13456"},"modified":"2016-09-18T19:01:22","modified_gmt":"2016-09-18T19:01:22","slug":"visando-preparacao-a-ligas-corinthians-realiza-amistosos-no-parana","status":"publish","type":"post","link":"https:\/\/www.federacaopaulistadefutsal.com.br\/novo\/visando-preparacao-a-ligas-corinthians-realiza-amistosos-no-parana\/","title":{"rendered":"Visando prepara\u00e7\u00e3o a Ligas, Corinthians realiza amistosos no Paran\u00e1"},"content":{"rendered":"<p>&nbsp;<br \/>\nPor conta da Copa do Mundo, de maneira geral, o calend\u00e1rio do futsal brasileiro deu uma &#8220;parada&#8221;, e para o Corinthians, que disputa as semifinais da Liga Paulista e as oitavas da Liga Nacional, a bola seguir\u00e1 rolando. O time do Parque S\u00e3o Jorge, comandado pelo t\u00e9cnico Andr\u00e9 Bi\u00e9, visando preparar-se, e bem, para as competi\u00e7\u00f5es, jogar\u00e1 amistosos no Paran\u00e1.<br \/>\n<strong>&#8220;Estamos nos preparando muito bem, com treinos intensos, consistentes, com muito comprometimento e disciplina. Com certeza essa parada pode nos ajudar a implementar cada vez mais nossa linha de trabalho. Os jogos s\u00e3o muito importantes para voltarmos a competir e gerar oportunidades para todos os atletas do elenco&#8221;,\u00a0<\/strong>declarou o treinador corintiano.<br \/>\nNo estado paranaense, o Corinthians medir\u00e1 for\u00e7as com as seguintes equipes: Caramuru (PR), na pr\u00f3xima segunda-feira (19), \u00e0s 21h00, em Tibagi-PR, Assifusa Futsal, na ter\u00e7a (20), a partir das 20h00, na cidade de Irati-PR, e por fim, novamente Caramuru, quinta (22), \u00e0s 20h00, no munic\u00edpio de Castro-PR.<br \/>\n&nbsp;<br \/>\nPor Assessoria FPFS<br \/>\nCom informa\u00e7\u00f5es: Futsal em Pauta<br \/>\nFoto: Divulga\u00e7\u00e3o\/Ag\u00eancia Corinthians<\/p>\n","protected":false},"excerpt":{"rendered":"<p>&nbsp; Por conta da Copa do Mundo, de maneira geral, o calend\u00e1rio do futsal brasileiro deu uma &#8220;parada&#8221;, e para<\/p>\n","protected":false},"author":1,"featured_media":13458,"comment_status":"closed","ping_status":"open","sticky":false,"template":"","format":"standard","meta":{"footnotes":""},"categories":[30,31,32],"tags":[203,219,710,734,1103,1424,1523,1525,1534,1702,1809,1815,1819,1825,1844,2457,2596],"class_list":["post-13456","post","type-post","status-publish","format-standard","has-post-thumbnail","hentry","category-liga-nacional-de-futsal","category-liga-paulista-de-futsal","category-maiores","tag-alvinegro","tag-amistosos","tag-copa-do-mundo","tag-corinthians","tag-fora-de-casa","tag-jogos","tag-liga-nacional","tag-liga-paulista","tag-ligas","tag-mundial","tag-paraenses","tag-parana","tag-parque-sao-jorge","tag-partidas","tag-pausa","tag-timao","tag-visando"],"_links":{"self":[{"href":"https:\/\/www.federacaopaulistadefutsal.com.br\/novo\/wp-json\/wp\/v2\/posts\/13456","targetHints":{"allow":["GET"]}}],"collection":[{"href":"https:\/\/www.federacaopaulistadefutsal.com.br\/novo\/wp-json\/wp\/v2\/posts"}],"about":[{"href":"https:\/\/www.federacaopaulistadefutsal.com.br\/novo\/wp-json\/wp\/v2\/types\/post"}],"author":[{"embeddable":true,"href":"https:\/\/www.federacaopaulistadefutsal.com.br\/novo\/wp-json\/wp\/v2\/users\/1"}],"replies":[{"embeddable":true,"href":"https:\/\/www.federacaopaulistadefutsal.com.br\/novo\/wp-json\/wp\/v2\/comments?post=13456"}],"version-history":[{"count":0,"href":"https:\/\/www.federacaopaulistadefutsal.com.br\/novo\/wp-json\/wp\/v2\/posts\/13456\/revisions"}],"wp:featuredmedia":[{"embeddable":true,"href":"https:\/\/www.federacaopaulistadefutsal.com.br\/novo\/wp-json\/"}],"wp:attachment":[{"href":"https:\/\/www.federacaopaulistadefutsal.com.br\/novo\/wp-json\/wp\/v2\/media?parent=13456"}],"wp:term":[{"taxonomy":"category","embeddable":true,"href":"https:\/\/www.federacaopaulistadefutsal.com.br\/novo\/wp-json\/wp\/v2\/categories?post=13456"},{"taxonomy":"post_tag","embeddable":true,"href":"https:\/\/www.federacaopaulistadefutsal.com.br\/novo\/wp-json\/wp\/v2\/tags?post=13456"}],"curies":[{"name":"wp","href":"https:\/\/api.w.org\/{rel}","templated":true}]}}