{"id":13479,"date":"2016-09-19T13:00:42","date_gmt":"2016-09-19T13:00:42","guid":{"rendered":"http:\/\/www.federacaopaulistadefutsal.com.br\/?p=13479"},"modified":"2016-09-19T13:00:42","modified_gmt":"2016-09-19T13:00:42","slug":"apos-goleada-selecao-brasileira-encara-ira-pelas-oitavas-do-mundial","status":"publish","type":"post","link":"https:\/\/www.federacaopaulistadefutsal.com.br\/novo\/apos-goleada-selecao-brasileira-encara-ira-pelas-oitavas-do-mundial\/","title":{"rendered":"Ap\u00f3s goleada, Sele\u00e7\u00e3o Brasileira encara Ir\u00e3 pelas oitavas do Mundial"},"content":{"rendered":"<p>&nbsp;<br \/>\nAp\u00f3s vit\u00f3ria contra Mo\u00e7ambique por incr\u00edvel goleada de 15 a 3, a Sele\u00e7\u00e3o Brasileira de Futsal, comandada pelo t\u00e9cnico Serginho Schiochet, j\u00e1 sabe qual ser\u00e1 seu pr\u00f3ximo advers\u00e1rio, e pelas oitavas de final da Copa do Mundo. A equipe verde e amarela medir\u00e1 for\u00e7as com o Ir\u00e3 na pr\u00f3xima quarta-feira (21), \u00e0s 19h30, pelo hor\u00e1rio de Bras\u00edlia, no Coliseo Bicentenario, em Bucaramanga, na Col\u00f4mbia.<br \/>\nCom 100% de aproveitamento no Mundial, o time brasileiro fez a melhor campanha entre os pa\u00edses participantes na competi\u00e7\u00e3o, e no grupo D, bateu, tamb\u00e9m, Ucr\u00e2nia, por 3 a 1, e Austr\u00e1lia, pelo placar de 11 a 1. No duelo diante de Mo\u00e7ambique, os gols do Brasil foram &#8220;anotados&#8221; por\u00a0Rodrigo Hardy, o &#8220;Torpedo Humano&#8221;, Xuxa, Dieguinho (2), Jackson, o &#8220;Samurai&#8221;, Fernandinho (2), Bateria, Ari (2), e Falc\u00e3o, que balan\u00e7ou a rede tr\u00eas vezes; Mario, Magu e Dino fizeram a favor dos africanos.<br \/>\nRecentemente, em 08 de novembro de 2015, as equipes brasileira e iraniana se enfrentaram pela grande final do Grand Prix de Futsal. E em casa, no Centro Ol\u00edmpico da Univerdecidade, em Uberaba-MG, o time verde e amarelo, com tentos de\u00a0Diego, Rodrigo, Falc\u00e3o e Ahmad (contra), levantou o &#8220;caneco&#8221; do torneio pela nona vez.<br \/>\n<strong>Confira abaixo os demais confrontos pelas oitavas de final da Copa do Mundo: \u00a0<\/strong><br \/>\n<strong>Ter\u00e7a-feira &#8211; 20\/9<\/strong><br \/>\n19h30 &#8211; R\u00fassia x Vietn\u00e3<br \/>\n22h &#8211; Col\u00f4mbia x Paraguai<br \/>\n<strong>Quarta-feira &#8211; 21\/9<\/strong><br \/>\n<strong>19h30 &#8211; Brasil x Ir\u00e3<\/strong><br \/>\n19h30 &#8211; Espanha x Cazaquist\u00e3o<br \/>\n22h &#8211; Portugal x Costa Rica<br \/>\n<strong>Quinta-feira &#8211; 22\/9<\/strong><br \/>\n19h30 &#8211; Argentina x Ucr\u00e2nia<br \/>\n19h30 &#8211; Tail\u00e2ndia x Azerbaij\u00e3o<br \/>\n22h &#8211; It\u00e1lia x Egito<br \/>\n&nbsp;<br \/>\nPor Assessoria FPFS<br \/>\nCom informa\u00e7\u00f5es: CBFS<br \/>\nFoto: Divulga\u00e7\u00e3o\/ Getty Images\/FIFA<\/p>\n","protected":false},"excerpt":{"rendered":"<p>&nbsp; Ap\u00f3s vit\u00f3ria contra Mo\u00e7ambique por incr\u00edvel goleada de 15 a 3, a Sele\u00e7\u00e3o Brasileira de Futsal, comandada pelo t\u00e9cnico<\/p>\n","protected":false},"author":1,"featured_media":13378,"comment_status":"closed","ping_status":"open","sticky":false,"template":"","format":"standard","meta":{"footnotes":""},"categories":[25,32,35],"tags":[419,422,425,710,1071,1201,1214,1347,1348,1418,1702,1767,1824,2239,2603],"class_list":["post-13479","post","type-post","status-publish","format-standard","has-post-thumbnail","hentry","category-destaques","category-maiores","category-selecao","tag-brasil","tag-brasileira","tag-brasileiros","tag-copa-do-mundo","tag-final","tag-goleada","tag-grand-prix","tag-ira","tag-iranianos","tag-jogo","tag-mundial","tag-oitavas-de-final","tag-partida","tag-selecao","tag-vitoria"],"_links":{"self":[{"href":"https:\/\/www.federacaopaulistadefutsal.com.br\/novo\/wp-json\/wp\/v2\/posts\/13479","targetHints":{"allow":["GET"]}}],"collection":[{"href":"https:\/\/www.federacaopaulistadefutsal.com.br\/novo\/wp-json\/wp\/v2\/posts"}],"about":[{"href":"https:\/\/www.federacaopaulistadefutsal.com.br\/novo\/wp-json\/wp\/v2\/types\/post"}],"author":[{"embeddable":true,"href":"https:\/\/www.federacaopaulistadefutsal.com.br\/novo\/wp-json\/wp\/v2\/users\/1"}],"replies":[{"embeddable":true,"href":"https:\/\/www.federacaopaulistadefutsal.com.br\/novo\/wp-json\/wp\/v2\/comments?post=13479"}],"version-history":[{"count":0,"href":"https:\/\/www.federacaopaulistadefutsal.com.br\/novo\/wp-json\/wp\/v2\/posts\/13479\/revisions"}],"wp:featuredmedia":[{"embeddable":true,"href":"https:\/\/www.federacaopaulistadefutsal.com.br\/novo\/wp-json\/"}],"wp:attachment":[{"href":"https:\/\/www.federacaopaulistadefutsal.com.br\/novo\/wp-json\/wp\/v2\/media?parent=13479"}],"wp:term":[{"taxonomy":"category","embeddable":true,"href":"https:\/\/www.federacaopaulistadefutsal.com.br\/novo\/wp-json\/wp\/v2\/categories?post=13479"},{"taxonomy":"post_tag","embeddable":true,"href":"https:\/\/www.federacaopaulistadefutsal.com.br\/novo\/wp-json\/wp\/v2\/tags?post=13479"}],"curies":[{"name":"wp","href":"https:\/\/api.w.org\/{rel}","templated":true}]}}