{"id":13497,"date":"2016-09-20T10:32:28","date_gmt":"2016-09-20T10:32:28","guid":{"rendered":"http:\/\/www.federacaopaulistadefutsal.com.br\/?p=13497"},"modified":"2016-09-20T10:32:28","modified_gmt":"2016-09-20T10:32:28","slug":"indaiatuba9-de-julho-bate-sertaozinho-e-e-finalista-nos-jogos-abertos","status":"publish","type":"post","link":"https:\/\/www.federacaopaulistadefutsal.com.br\/novo\/indaiatuba9-de-julho-bate-sertaozinho-e-e-finalista-nos-jogos-abertos\/","title":{"rendered":"Indaiatuba\/9 de Julho bate Sert\u00e3ozinho e \u00e9 finalista nos Jogos Abertos"},"content":{"rendered":"<p>&nbsp;<br \/>\nAp\u00f3s vit\u00f3ria sobre Sert\u00e3ozinho por goleada de 4 a 1 na \u00faltima segunda-feira (19), a A.D. Indaiatuba\/Clube 9 de Julho, equipe que disputou a Liga Paulista 2016, garantiu lugar na grande final dos Jogos Abertos do Interior (Hor\u00e1cio Bady Barioni). Agora, o time indaiatubano medir\u00e1 for\u00e7as com Tanabi ou S\u00e3o Jo\u00e3o da Boa Vista, semifinalistas no torneio das quadras.<br \/>\nComandada pelo t\u00e9cnico Juliano Ripabello, a equipe da cidade de Indaiatuba-SP conseguiu os seguintes resultados antes de &#8220;despachar&#8221; os sertanezinos: vit\u00f3rias diante de Terra Roxa, pelo placar de 4 a 3, Santo Andr\u00e9, por 3 a 0, Adamantina, 1 a 0, e por fim, Itu, por 1 a 0. E nesta ter\u00e7a-feira (20), pode ser campe\u00e3 de maneira invicta, tendo, at\u00e9 o momento, 100% de aproveitamento no campeonato.<br \/>\nO elenco da A.D. Indaiatuba\/Clube 9 de Julho, que disputar\u00e1 a decis\u00e3o dos Jogos Abertos logo mais \u00e0 tarde, \u00e9 formado por\u00a0Mel\u00e3o (goleiro), Fabinho (goleiro), Bei\u00e7o (goleiro), Fabi\u00e3o (fixo), Klebinho (fixo), Juninho Indai\u00e1 (fixo), Leon (fixo), Flavinho (ala destro), Igor Branco (ala destro), Cardeal (ala destro), Ricardinho (ala destro), Igor Preto (ala destro), Juninho (ala canhoto), Grilinho (ala canhoto), Alex (ala canhoto), Linguinha (piv\u00f4), Kiko (piv\u00f4) e Dougl\u00e3o (piv\u00f4).<br \/>\n&nbsp;<br \/>\nPor Assessoria FPFS<br \/>\nCom informa\u00e7\u00f5es: Futsal em Pauta<br \/>\nFoto: Divulga\u00e7\u00e3o\/A.D. Indaiatuba<br \/>\n&nbsp;<\/p>\n","protected":false},"excerpt":{"rendered":"<p>&nbsp; Ap\u00f3s vit\u00f3ria sobre Sert\u00e3ozinho por goleada de 4 a 1 na \u00faltima segunda-feira (19), a A.D. Indaiatuba\/Clube 9 de<\/p>\n","protected":false},"author":1,"featured_media":13499,"comment_status":"closed","ping_status":"open","sticky":false,"template":"","format":"standard","meta":{"footnotes":""},"categories":[29,32],"tags":[90,648,1074,1297,1301,1342,1418,1427,1824,2264,2290,2292,2473,2603],"class_list":["post-13497","post","type-post","status-publish","format-standard","has-post-thumbnail","hentry","category-interior","category-maiores","tag-9-de-julho","tag-competicao","tag-finalista","tag-indaiatuba","tag-indaiatubanos","tag-invicta","tag-jogo","tag-jogos-abertos-do-interior","tag-partida","tag-semifinal","tag-sertanezinos","tag-sertaozinho","tag-torneio","tag-vitoria"],"_links":{"self":[{"href":"https:\/\/www.federacaopaulistadefutsal.com.br\/novo\/wp-json\/wp\/v2\/posts\/13497","targetHints":{"allow":["GET"]}}],"collection":[{"href":"https:\/\/www.federacaopaulistadefutsal.com.br\/novo\/wp-json\/wp\/v2\/posts"}],"about":[{"href":"https:\/\/www.federacaopaulistadefutsal.com.br\/novo\/wp-json\/wp\/v2\/types\/post"}],"author":[{"embeddable":true,"href":"https:\/\/www.federacaopaulistadefutsal.com.br\/novo\/wp-json\/wp\/v2\/users\/1"}],"replies":[{"embeddable":true,"href":"https:\/\/www.federacaopaulistadefutsal.com.br\/novo\/wp-json\/wp\/v2\/comments?post=13497"}],"version-history":[{"count":0,"href":"https:\/\/www.federacaopaulistadefutsal.com.br\/novo\/wp-json\/wp\/v2\/posts\/13497\/revisions"}],"wp:featuredmedia":[{"embeddable":true,"href":"https:\/\/www.federacaopaulistadefutsal.com.br\/novo\/wp-json\/"}],"wp:attachment":[{"href":"https:\/\/www.federacaopaulistadefutsal.com.br\/novo\/wp-json\/wp\/v2\/media?parent=13497"}],"wp:term":[{"taxonomy":"category","embeddable":true,"href":"https:\/\/www.federacaopaulistadefutsal.com.br\/novo\/wp-json\/wp\/v2\/categories?post=13497"},{"taxonomy":"post_tag","embeddable":true,"href":"https:\/\/www.federacaopaulistadefutsal.com.br\/novo\/wp-json\/wp\/v2\/tags?post=13497"}],"curies":[{"name":"wp","href":"https:\/\/api.w.org\/{rel}","templated":true}]}}