{"id":13560,"date":"2016-09-22T12:00:41","date_gmt":"2016-09-22T12:00:41","guid":{"rendered":"http:\/\/www.federacaopaulistadefutsal.com.br\/?p=13560"},"modified":"2016-09-22T12:00:41","modified_gmt":"2016-09-22T12:00:41","slug":"firme-e-forte-a-a-fib-retorna-aos-treinos-no-ginasio-duduzao","status":"publish","type":"post","link":"https:\/\/www.federacaopaulistadefutsal.com.br\/novo\/firme-e-forte-a-a-fib-retorna-aos-treinos-no-ginasio-duduzao\/","title":{"rendered":"&quot;Firme e forte&quot;, A.A. FIB retorna aos treinos no gin\u00e1sio Duduz\u00e3o"},"content":{"rendered":"<p>&nbsp;<br \/>\nComandada pelo t\u00e9cnico Everton Carvalho, o &#8220;Alem\u00e3o&#8221;, a A.A. FIB, da cidade de Bauru-SP, oficialmente retornou aos treinos na \u00faltima quarta-feira (21), e &#8220;firme e forte&#8221; nas quatro linhas. A equipe bauruense, do treinador, que \u00e9 auxiliado pelo irm\u00e3o Elton Carvalho, realizou atividades no gin\u00e1sio Duduz\u00e3o.<br \/>\nRecentemente, a A.A. FIB fez uma verdadeira &#8220;maratona&#8221; de jogos, enfrentando ADC Intelli\/Orl\u00e2ndia, pela Copa Paulista, e S\u00e3o Jos\u00e9\/Vale Sul\/Unimed, A.D.C. Ford\/Taubat\u00e9 e A.D. Yoka\/AcR\/Unisal, todos confrontos pelos Jogos Abertos do Interior. Nos duelos, o time de Bauru-SP teve duas vit\u00f3rias e duas derrotas, respectivamente.<br \/>\n<strong>&#8220;Esse tempo de descanso foi merecido pelos jogadores, que apresentaram uma postura excelente em todas as partidas. Agora, n\u00f3s precisamos pensar nos pr\u00f3ximos compromissos e treinar para continuarmos com o mesmo \u00edmpeto que tivemos nessa sequ\u00eancia&#8221;,\u00a0<\/strong>declarou &#8220;Alem\u00e3o&#8221;.<br \/>\n<strong>Copa Paulista de Futsal\u00a0<\/strong><br \/>\nA A.A. FIB, dos irm\u00e3os Carvalho, vai enfrentar o Dracena\/Tempersul pela Copa Paulista de Futsal no dia 26 de setembro. A partida, v\u00e1lida pela segunda rodada na chave A do torneio, est\u00e1 marcada para acontecer \u00e0s 20h00, no gin\u00e1sio Alaor Ferrari, casa dos dracenenses.<br \/>\n&nbsp;<br \/>\nPor Assessoria FPFS<br \/>\nCom informa\u00e7\u00f5es e foto: Rafael Peloso\/A.A. FIB<br \/>\n&nbsp;<\/p>\n","protected":false},"excerpt":{"rendered":"<p>&nbsp; Comandada pelo t\u00e9cnico Everton Carvalho, o &#8220;Alem\u00e3o&#8221;, a A.A. FIB, da cidade de Bauru-SP, oficialmente retornou aos treinos na<\/p>\n","protected":false},"author":1,"featured_media":13562,"comment_status":"closed","ping_status":"open","sticky":false,"template":"","format":"standard","meta":{"footnotes":""},"categories":[29,32],"tags":[99,196,305,310,367,369,781,886,940,999,1082,1413,2105,2322,2422,2485,2491],"class_list":["post-13560","post","type-post","status-publish","format-standard","has-post-thumbnail","hentry","category-interior","category-maiores","tag-a-a-fib","tag-alemao","tag-atividades","tag-atletas","tag-bauru","tag-bauruenses","tag-de-volta","tag-duduzao","tag-entrevista","tag-everton-carvalho","tag-firme-e-forte","tag-jogadores","tag-retorna","tag-sonora","tag-tecnico","tag-treinador","tag-treinos"],"_links":{"self":[{"href":"https:\/\/www.federacaopaulistadefutsal.com.br\/novo\/wp-json\/wp\/v2\/posts\/13560","targetHints":{"allow":["GET"]}}],"collection":[{"href":"https:\/\/www.federacaopaulistadefutsal.com.br\/novo\/wp-json\/wp\/v2\/posts"}],"about":[{"href":"https:\/\/www.federacaopaulistadefutsal.com.br\/novo\/wp-json\/wp\/v2\/types\/post"}],"author":[{"embeddable":true,"href":"https:\/\/www.federacaopaulistadefutsal.com.br\/novo\/wp-json\/wp\/v2\/users\/1"}],"replies":[{"embeddable":true,"href":"https:\/\/www.federacaopaulistadefutsal.com.br\/novo\/wp-json\/wp\/v2\/comments?post=13560"}],"version-history":[{"count":0,"href":"https:\/\/www.federacaopaulistadefutsal.com.br\/novo\/wp-json\/wp\/v2\/posts\/13560\/revisions"}],"wp:featuredmedia":[{"embeddable":true,"href":"https:\/\/www.federacaopaulistadefutsal.com.br\/novo\/wp-json\/"}],"wp:attachment":[{"href":"https:\/\/www.federacaopaulistadefutsal.com.br\/novo\/wp-json\/wp\/v2\/media?parent=13560"}],"wp:term":[{"taxonomy":"category","embeddable":true,"href":"https:\/\/www.federacaopaulistadefutsal.com.br\/novo\/wp-json\/wp\/v2\/categories?post=13560"},{"taxonomy":"post_tag","embeddable":true,"href":"https:\/\/www.federacaopaulistadefutsal.com.br\/novo\/wp-json\/wp\/v2\/tags?post=13560"}],"curies":[{"name":"wp","href":"https:\/\/api.w.org\/{rel}","templated":true}]}}