{"id":13595,"date":"2016-09-23T11:21:02","date_gmt":"2016-09-23T11:21:02","guid":{"rendered":"http:\/\/www.federacaopaulistadefutsal.com.br\/?p=13595"},"modified":"2016-09-23T11:21:02","modified_gmt":"2016-09-23T11:21:02","slug":"tecnico-da-intelli-cidao-destaca-forca-de-seus-comandados-em-quadra","status":"publish","type":"post","link":"https:\/\/www.federacaopaulistadefutsal.com.br\/novo\/tecnico-da-intelli-cidao-destaca-forca-de-seus-comandados-em-quadra\/","title":{"rendered":"T\u00e9cnico da Intelli, Cid\u00e3o destaca &quot;for\u00e7a&quot; de seus comandados em quadra"},"content":{"rendered":"<p>&nbsp;<br \/>\nAp\u00f3s vit\u00f3ria sobre a A.A. Pompeia pelo placar de 4 a 3 na \u00faltima quarta (21), em jogo v\u00e1lido pela Copa Paulista, o t\u00e9cnico da ADC Intelli\/Orl\u00e2ndia, Cid\u00e3o, destacou a &#8220;for\u00e7a&#8221; de seus comandados nas quatro linhas das quadras. O treinador, que agora contar\u00e1 com os retornos de Dieg\u00e3o e Felipe, falou, tamb\u00e9m, sobre a import\u00e2ncia de tais jogadores. Confira!<br \/>\n<strong>&#8220;Tivemos alguns problemas de les\u00f5es que me atrapalharam na forma\u00e7\u00e3o dos quartetos. O Felipe era um dos remanescentes do ano passado e, por conta do problema no joelho, foi uma perda muita grande para n\u00f3s, pois seria um dos alicerces na forma\u00e7\u00e3o de um dos quartetos. O Dieg\u00e3o \u00e9 prata da casa, est\u00e1 conosco h\u00e1 alguns anos e \u00e9 muito bom t\u00ea-lo de volta. Por ser um goleiro muito alto, ser\u00e1 de grande valia na defesa de bolas paradas&#8221;,<\/strong> disse.<br \/>\n<a href=\"http:\/\/www.federacaopaulistadefutsal.com.br\/wp-content\/uploads\/2016\/09\/Orl\u00e2ndia_jogadores.jpg\"><img decoding=\"async\" class=\"alignleft size-thumbnail wp-image-13598\" src=\"http:\/\/www.federacaopaulistadefutsal.com.br\/wp-content\/uploads\/2016\/09\/Orl\u00e2ndia_jogadores-150x150.jpg\" alt=\"Orl\u00e2ndia_jogadores\" width=\"150\" height=\"150\" \/><\/a>De volta depois de contus\u00e3o, o ala Felipe revelou o seguinte: <strong>&#8220;Foram seis meses de recupera\u00e7\u00e3o. Um per\u00edodo \u00e1rduo, de muito trabalho, mas que tem me dado ainda mais vontade de ajudar os companheiros, de recuperar o tempo perdido. Agora \u00e9 buscar o melhor condicionamento o mais r\u00e1pido poss\u00edvel&#8221;,\u00a0<\/strong>destacou.\u00a0<strong>\u00a0<\/strong><br \/>\nDefinindo seu retorno como uma &#8220;sensa\u00e7\u00e3o \u00fanica&#8221;, avaliando o fato de retornar ap\u00f3s dois rompimentos no ligamento do joelho, o goleiro Dieg\u00e3o declarou: <strong>&#8220;Foi muito dif\u00edcil ficar de fora esse tempo todo. Uma fatalidade muito grande, mas nunca deixei de acreditar, em momento algum pensei em abandonar o futsal. Poder voltar a jogar \u00e9 uma sensa\u00e7\u00e3o \u00fanica para mim&#8221;,<\/strong> disse o arqueiro. (as entrevistas foram concedidas ao Globo Esporte).<br \/>\nA ADC Intelli\/Orl\u00e2ndia, do t\u00e9cnico e dos jogadores, entrar\u00e1 em quadra na pr\u00f3xima sexta-feira (30), e pela Copa Paulista, diante da A.A. FIB, de Bauru-SP. O jogo entre as equipes do interior est\u00e1 marcado para acontecer \u00e0s 20h00, no gin\u00e1sio Duduz\u00e3o, casa dos bauruenses.<br \/>\n&nbsp;<br \/>\nPor Assessoria FPFS<br \/>\nCom informa\u00e7\u00f5es: Globo Esporte<br \/>\nFotos: Divulga\u00e7\u00e3o\/\u00a0Cl\u00e1udio Oliveira\/EPTV e Luan Amaral\/ADC Intelli<\/p>\n","protected":false},"excerpt":{"rendered":"<p>&nbsp; Ap\u00f3s vit\u00f3ria sobre a A.A. Pompeia pelo placar de 4 a 3 na \u00faltima quarta (21), em jogo v\u00e1lido<\/p>\n","protected":false},"author":1,"featured_media":13597,"comment_status":"closed","ping_status":"open","sticky":false,"template":"","format":"standard","meta":{"footnotes":""},"categories":[23,29,32],"tags":[595,911,942,1105,1231,1323,1334,1413,1789,1791,2323,2422,2485],"class_list":["post-13595","post","type-post","status-publish","format-standard","has-post-thumbnail","hentry","category-copa-paulista","category-interior","category-maiores","tag-cidao","tag-elenco","tag-entrevistas","tag-forca","tag-grupo","tag-intelli","tag-interior","tag-jogadores","tag-orlandia","tag-orlandinos","tag-sonoras","tag-tecnico","tag-treinador"],"_links":{"self":[{"href":"https:\/\/www.federacaopaulistadefutsal.com.br\/novo\/wp-json\/wp\/v2\/posts\/13595","targetHints":{"allow":["GET"]}}],"collection":[{"href":"https:\/\/www.federacaopaulistadefutsal.com.br\/novo\/wp-json\/wp\/v2\/posts"}],"about":[{"href":"https:\/\/www.federacaopaulistadefutsal.com.br\/novo\/wp-json\/wp\/v2\/types\/post"}],"author":[{"embeddable":true,"href":"https:\/\/www.federacaopaulistadefutsal.com.br\/novo\/wp-json\/wp\/v2\/users\/1"}],"replies":[{"embeddable":true,"href":"https:\/\/www.federacaopaulistadefutsal.com.br\/novo\/wp-json\/wp\/v2\/comments?post=13595"}],"version-history":[{"count":0,"href":"https:\/\/www.federacaopaulistadefutsal.com.br\/novo\/wp-json\/wp\/v2\/posts\/13595\/revisions"}],"wp:featuredmedia":[{"embeddable":true,"href":"https:\/\/www.federacaopaulistadefutsal.com.br\/novo\/wp-json\/"}],"wp:attachment":[{"href":"https:\/\/www.federacaopaulistadefutsal.com.br\/novo\/wp-json\/wp\/v2\/media?parent=13595"}],"wp:term":[{"taxonomy":"category","embeddable":true,"href":"https:\/\/www.federacaopaulistadefutsal.com.br\/novo\/wp-json\/wp\/v2\/categories?post=13595"},{"taxonomy":"post_tag","embeddable":true,"href":"https:\/\/www.federacaopaulistadefutsal.com.br\/novo\/wp-json\/wp\/v2\/tags?post=13595"}],"curies":[{"name":"wp","href":"https:\/\/api.w.org\/{rel}","templated":true}]}}