{"id":13604,"date":"2016-09-23T15:41:07","date_gmt":"2016-09-23T15:41:07","guid":{"rendered":"http:\/\/www.federacaopaulistadefutsal.com.br\/?p=13604"},"modified":"2016-09-23T15:41:07","modified_gmt":"2016-09-23T15:41:07","slug":"em-campinas-sp-pulo-encara-indaiatuba-pela-copa-paulista","status":"publish","type":"post","link":"https:\/\/www.federacaopaulistadefutsal.com.br\/novo\/em-campinas-sp-pulo-encara-indaiatuba-pela-copa-paulista\/","title":{"rendered":"Em Campinas-SP, Pulo encara Indaiatuba pela Copa Paulista"},"content":{"rendered":"<p>&nbsp;<br \/>\nNesta sexta-feira (23), em confronto pelo grupo C da Copa Paulista de Futsal, o Pulo do Gato\/Sanasa, de Campinas-SP, vai enfrentar a A.D. Indaiatuba\/9 de Julho. O duelo entre as equipes est\u00e1 marcado para acontecer a partir das 19h45, no gin\u00e1sio Rog\u00ea Ferreira, casa dos campineiros.<br \/>\nNa estreia pela competi\u00e7\u00e3o, o time gatense mediu for\u00e7as com o Atl\u00e9tico Guarulhense, e em seus dom\u00ednios, venceu por goleada de 8 a 0. J\u00e1 a A.D.I., por sua vez, far\u00e1 seu primeiro jogo no torneio das quadras.<br \/>\n<strong>&#8220;Ser\u00e1 um jogo muito disputado, como sempre \u00e9 contra Indaiatuba. \u00c9 um advers\u00e1rio duro e precisamos vencer para ficar bem no nosso grupo, que tem equipes muito qualificadas&#8221;,<\/strong> declarou Jefferson Novaes, t\u00e9cnico do Pulo do Gato\/Sanasa.<br \/>\nPara a partida de logo mais \u00e0 noite, a equipe de Campinas-SP ter\u00e1 as seguintes baixas: Shaina, fixo que sentiu dores em treino na quinta-feira (22), e o ala Gabrielzinho, que torceu o p\u00e9. E Biro, com dores no joelho, \u00e9 d\u00favida para o treinador do aurinegro.<br \/>\n&nbsp;<br \/>\nPor Assessoria FPFS<br \/>\nCom informa\u00e7\u00f5es: Rafael Del Giudice\/Ag\u00eancia Pulo<br \/>\nFoto: Divulga\u00e7\u00e3o\/ Andr\u00e9 Montejano\/Ag\u00eancia Pulo<\/p>\n","protected":false},"excerpt":{"rendered":"<p>&nbsp; Nesta sexta-feira (23), em confronto pelo grupo C da Copa Paulista de Futsal, o Pulo do Gato\/Sanasa, de Campinas-SP,<\/p>\n","protected":false},"author":1,"featured_media":13606,"comment_status":"closed","ping_status":"open","sticky":false,"template":"","format":"standard","meta":{"footnotes":""},"categories":[23,29,32],"tags":[494,497,648,718,1234,1297,1301,1418,1824,1999,2139,2300],"class_list":["post-13604","post","type-post","status-publish","format-standard","has-post-thumbnail","hentry","category-copa-paulista","category-interior","category-maiores","tag-campinas","tag-campineiros","tag-competicao","tag-copa-paulista","tag-grupo-c","tag-indaiatuba","tag-indaiatubanos","tag-jogo","tag-partida","tag-pulo-do-gato","tag-roge-ferreira","tag-sexta"],"_links":{"self":[{"href":"https:\/\/www.federacaopaulistadefutsal.com.br\/novo\/wp-json\/wp\/v2\/posts\/13604","targetHints":{"allow":["GET"]}}],"collection":[{"href":"https:\/\/www.federacaopaulistadefutsal.com.br\/novo\/wp-json\/wp\/v2\/posts"}],"about":[{"href":"https:\/\/www.federacaopaulistadefutsal.com.br\/novo\/wp-json\/wp\/v2\/types\/post"}],"author":[{"embeddable":true,"href":"https:\/\/www.federacaopaulistadefutsal.com.br\/novo\/wp-json\/wp\/v2\/users\/1"}],"replies":[{"embeddable":true,"href":"https:\/\/www.federacaopaulistadefutsal.com.br\/novo\/wp-json\/wp\/v2\/comments?post=13604"}],"version-history":[{"count":0,"href":"https:\/\/www.federacaopaulistadefutsal.com.br\/novo\/wp-json\/wp\/v2\/posts\/13604\/revisions"}],"wp:featuredmedia":[{"embeddable":true,"href":"https:\/\/www.federacaopaulistadefutsal.com.br\/novo\/wp-json\/"}],"wp:attachment":[{"href":"https:\/\/www.federacaopaulistadefutsal.com.br\/novo\/wp-json\/wp\/v2\/media?parent=13604"}],"wp:term":[{"taxonomy":"category","embeddable":true,"href":"https:\/\/www.federacaopaulistadefutsal.com.br\/novo\/wp-json\/wp\/v2\/categories?post=13604"},{"taxonomy":"post_tag","embeddable":true,"href":"https:\/\/www.federacaopaulistadefutsal.com.br\/novo\/wp-json\/wp\/v2\/tags?post=13604"}],"curies":[{"name":"wp","href":"https:\/\/api.w.org\/{rel}","templated":true}]}}