{"id":13607,"date":"2016-09-23T20:29:49","date_gmt":"2016-09-23T20:29:49","guid":{"rendered":"http:\/\/www.federacaopaulistadefutsal.com.br\/?p=13607"},"modified":"2016-09-23T20:29:49","modified_gmt":"2016-09-23T20:29:49","slug":"nota-de-falecimento-boca-ex-treinador-de-ypiranga-e-selecao-paulista","status":"publish","type":"post","link":"https:\/\/www.federacaopaulistadefutsal.com.br\/novo\/nota-de-falecimento-boca-ex-treinador-de-ypiranga-e-selecao-paulista\/","title":{"rendered":"Nota de falecimento &#8211; &quot;Boca&quot;, ex-treinador de Ypiranga e Sele\u00e7\u00e3o Paulista"},"content":{"rendered":"<p>&nbsp;<br \/>\nA Federa\u00e7\u00e3o Paulista de Futsal (FPFS), entidade que administra e organiza o esporte das quadras em S\u00e3o Paulo, atrav\u00e9s deste espa\u00e7o, informa, com muito pesar, o falecimento do ex-t\u00e9cnico do C.A. Ypiranga, Luiz Bocucci Netto, o popular &#8220;Boca&#8221;, que aconteceu nesta sexta-feira (23). O profissional das quatro linhas, um apaixonado por futebol de sal\u00e3o, tamb\u00e9m foi treinador da Sele\u00e7\u00e3o Paulista.<br \/>\nO vel\u00f3rio e sepultamento de Luiz Bocucci Netto est\u00e1 marcado para acontecer no pr\u00f3ximo s\u00e1bado (24), a partir das 10h00, no Cemit\u00e9rio da Paz, em S\u00e3o Paulo-SP.<br \/>\nEm respeito aos amigos e familiares deste &#8220;gigante&#8221;\u00a0do\u00a0esporte das quadras, a Federa\u00e7\u00e3o Paulista de Futsal (FPFS) presta sua solidariedade, reconhece a\u00a0import\u00e2ncia de Luiz Bocucci Netto, o &#8220;Boca&#8221;,\u00a0para o desenvolvimento da modalidade, e principalmente, est\u00e1 de luto pela perda.<br \/>\n&nbsp;<br \/>\nPor Assessoria FPFS<\/p>\n","protected":false},"excerpt":{"rendered":"<p>&nbsp; A Federa\u00e7\u00e3o Paulista de Futsal (FPFS), entidade que administra e organiza o esporte das quadras em S\u00e3o Paulo, atrav\u00e9s<\/p>\n","protected":false},"author":1,"featured_media":13609,"comment_status":"closed","ping_status":"open","sticky":false,"template":"","format":"standard","meta":{"footnotes":""},"categories":[22,32,33],"tags":[398,660,1022,1288,1564,1724,1736,2423,2485],"class_list":["post-13607","post","type-post","status-publish","format-standard","has-post-thumbnail","hentry","category-comunicado","category-maiores","category-menores","tag-boca","tag-comunicado","tag-falecimento","tag-importante","tag-luiz-bocucci","tag-neto","tag-nota","tag-tecnico-ypiranga","tag-treinador"],"_links":{"self":[{"href":"https:\/\/www.federacaopaulistadefutsal.com.br\/novo\/wp-json\/wp\/v2\/posts\/13607","targetHints":{"allow":["GET"]}}],"collection":[{"href":"https:\/\/www.federacaopaulistadefutsal.com.br\/novo\/wp-json\/wp\/v2\/posts"}],"about":[{"href":"https:\/\/www.federacaopaulistadefutsal.com.br\/novo\/wp-json\/wp\/v2\/types\/post"}],"author":[{"embeddable":true,"href":"https:\/\/www.federacaopaulistadefutsal.com.br\/novo\/wp-json\/wp\/v2\/users\/1"}],"replies":[{"embeddable":true,"href":"https:\/\/www.federacaopaulistadefutsal.com.br\/novo\/wp-json\/wp\/v2\/comments?post=13607"}],"version-history":[{"count":0,"href":"https:\/\/www.federacaopaulistadefutsal.com.br\/novo\/wp-json\/wp\/v2\/posts\/13607\/revisions"}],"wp:featuredmedia":[{"embeddable":true,"href":"https:\/\/www.federacaopaulistadefutsal.com.br\/novo\/wp-json\/"}],"wp:attachment":[{"href":"https:\/\/www.federacaopaulistadefutsal.com.br\/novo\/wp-json\/wp\/v2\/media?parent=13607"}],"wp:term":[{"taxonomy":"category","embeddable":true,"href":"https:\/\/www.federacaopaulistadefutsal.com.br\/novo\/wp-json\/wp\/v2\/categories?post=13607"},{"taxonomy":"post_tag","embeddable":true,"href":"https:\/\/www.federacaopaulistadefutsal.com.br\/novo\/wp-json\/wp\/v2\/tags?post=13607"}],"curies":[{"name":"wp","href":"https:\/\/api.w.org\/{rel}","templated":true}]}}