{"id":13621,"date":"2016-09-25T14:58:17","date_gmt":"2016-09-25T14:58:17","guid":{"rendered":"http:\/\/www.federacaopaulistadefutsal.com.br\/?p=13621"},"modified":"2016-09-25T14:58:17","modified_gmt":"2016-09-25T14:58:17","slug":"copa-paulista-a-d-c-fordtaubate-supera-yoka-no-vale-do-paraiba","status":"publish","type":"post","link":"https:\/\/www.federacaopaulistadefutsal.com.br\/novo\/copa-paulista-a-d-c-fordtaubate-supera-yoka-no-vale-do-paraiba\/","title":{"rendered":"Copa Paulista: A.D.C. Ford\/Taubat\u00e9 supera Yoka no Vale do Para\u00edba"},"content":{"rendered":"<p>&nbsp;<br \/>\nJogando em casa, no gin\u00e1sio da Vila Aparecida, na \u00faltima sexta-feira (23), a A.D.C. Ford\/Taubat\u00e9 encarou a A.D. Yoka\/AcR\/Unisal, de Guaratinguet\u00e1-SP, pelo grupo B da Copa Paulista de Futsal. Diante de sua torcida, o time taubateano levou a melhor sobre o guaratinguetaense, vencendo pelo placar de 3 a 1.<br \/>\nOs gols da vit\u00f3ria da equipe do Vale do Para\u00edba foram marcados por Fabinho, que balan\u00e7ou a rede duas vezes, e Joj\u00f4. E a favor do time de &#8220;Guar\u00e1&#8221;, o atleta das quadras Max colocou a bola no fundo do &#8220;barbante&#8221;.<br \/>\n<strong>&#8220;Enfrentamos um advers\u00e1rio muito bem treinado e sab\u00edamos das dificuldades, mas colocamos em pr\u00e1tica as jogadas ensaiadas e sa\u00edmos com o resultado positivo. Demos um passo importante, alcan\u00e7amos a primeira posi\u00e7\u00e3o e estamos focados na classifica\u00e7\u00e3o&#8221;,\u00a0<\/strong>destacou Fabinho.<br \/>\nAgora, na pr\u00f3xima rodada da competi\u00e7\u00e3o, a A.D.C. Ford\/Taubat\u00e9 vai enfrentar o Gr\u00eamio Mogiano na sexta-feira (30), \u00e0s 19h45, no gin\u00e1sio Jos\u00e9 Limongi Sobrinho, o &#8220;Botujuru&#8221;, em Mogi das Cruzes-SP. O Yoka\/AcR\/Unisal, por sua vez, medir\u00e1 for\u00e7as com o Jacare\u00ed Futsal, tamb\u00e9m na sexta (30), a partir das 19h30, no Educamais, casa dos jacareienses.<br \/>\nNo grupo B da Copa Paulista, a equipe taubateana tem, ao todo, duas vit\u00f3rias e um empate, e o time guaratinguetaense est\u00e1 com uma vit\u00f3ria e uma derrota.<br \/>\n&nbsp;<br \/>\nPor Assessoria FPFS<br \/>\nCom informa\u00e7\u00f5es: Top 10 Comunica\u00e7\u00e3o<br \/>\nFoto: Divulga\u00e7\u00e3o\/ Jonas Barbetta\/Top 10 Comunica\u00e7\u00e3o<\/p>\n","protected":false},"excerpt":{"rendered":"<p>&nbsp; Jogando em casa, no gin\u00e1sio da Vila Aparecida, na \u00faltima sexta-feira (23), a A.D.C. Ford\/Taubat\u00e9 encarou a A.D. Yoka\/AcR\/Unisal,<\/p>\n","protected":false},"author":1,"featured_media":13623,"comment_status":"closed","ping_status":"open","sticky":false,"template":"","format":"standard","meta":{"footnotes":""},"categories":[23,29,32],"tags":[116,718,1237,1240,1334,1418,1824,2414,2419,2548,2587,2603,2631],"class_list":["post-13621","post","type-post","status-publish","format-standard","has-post-thumbnail","hentry","category-copa-paulista","category-interior","category-maiores","tag-a-d-c-ford","tag-copa-paulista","tag-guara","tag-guaratingueta","tag-interior","tag-jogo","tag-partida","tag-taubate","tag-taubateanos","tag-vale-do-paraiba","tag-vila-aparecida","tag-vitoria","tag-yoka"],"_links":{"self":[{"href":"https:\/\/www.federacaopaulistadefutsal.com.br\/novo\/wp-json\/wp\/v2\/posts\/13621","targetHints":{"allow":["GET"]}}],"collection":[{"href":"https:\/\/www.federacaopaulistadefutsal.com.br\/novo\/wp-json\/wp\/v2\/posts"}],"about":[{"href":"https:\/\/www.federacaopaulistadefutsal.com.br\/novo\/wp-json\/wp\/v2\/types\/post"}],"author":[{"embeddable":true,"href":"https:\/\/www.federacaopaulistadefutsal.com.br\/novo\/wp-json\/wp\/v2\/users\/1"}],"replies":[{"embeddable":true,"href":"https:\/\/www.federacaopaulistadefutsal.com.br\/novo\/wp-json\/wp\/v2\/comments?post=13621"}],"version-history":[{"count":0,"href":"https:\/\/www.federacaopaulistadefutsal.com.br\/novo\/wp-json\/wp\/v2\/posts\/13621\/revisions"}],"wp:featuredmedia":[{"embeddable":true,"href":"https:\/\/www.federacaopaulistadefutsal.com.br\/novo\/wp-json\/"}],"wp:attachment":[{"href":"https:\/\/www.federacaopaulistadefutsal.com.br\/novo\/wp-json\/wp\/v2\/media?parent=13621"}],"wp:term":[{"taxonomy":"category","embeddable":true,"href":"https:\/\/www.federacaopaulistadefutsal.com.br\/novo\/wp-json\/wp\/v2\/categories?post=13621"},{"taxonomy":"post_tag","embeddable":true,"href":"https:\/\/www.federacaopaulistadefutsal.com.br\/novo\/wp-json\/wp\/v2\/tags?post=13621"}],"curies":[{"name":"wp","href":"https:\/\/api.w.org\/{rel}","templated":true}]}}