{"id":13627,"date":"2016-09-26T12:07:31","date_gmt":"2016-09-26T12:07:31","guid":{"rendered":"http:\/\/www.federacaopaulistadefutsal.com.br\/?p=13627"},"modified":"2016-09-26T12:07:31","modified_gmt":"2016-09-26T12:07:31","slug":"apos-vitoria-a-a-fib-encara-dracenatempersul-no-alaor-ferrari","status":"publish","type":"post","link":"https:\/\/www.federacaopaulistadefutsal.com.br\/novo\/apos-vitoria-a-a-fib-encara-dracenatempersul-no-alaor-ferrari\/","title":{"rendered":"Ap\u00f3s vit\u00f3ria, A.A. FIB encara Dracena\/Tempersul no Alaor Ferrari"},"content":{"rendered":"<p>&nbsp;<br \/>\nAp\u00f3s vit\u00f3ria contra a ADC Intelli\/Orl\u00e2ndia pelo placar de 1 a 0 na estreia, a A.A. FIB, de Bauru-SP, entrar\u00e1 em quadra pela segunda rodada da Copa Paulista nesta segunda-feira (26), e diante do Dracena\/Tempersul. O jogo entre os times do interior est\u00e1 marcado para acontecer a partir das 20h00, no gin\u00e1sio Alaor Ferrari, casa dos dracenenses.<br \/>\n<strong>&#8220;Temos que encarar cada jogo como uma decis\u00e3o. A partida contra Orl\u00e2ndia \u00e9 passado, foi um jogo em que quase tudo deu certo para gente, por\u00e9m, de nada nos adiantar\u00e1 se n\u00e3o pontuarmos nas partidas seguintes&#8221;,\u00a0<\/strong>declarou Everton Carvalho, o &#8220;Alem\u00e3o&#8221;, t\u00e9cnico da equipe bauruense.<br \/>\nNo confronto diante dos orlandinos, que ocorreu no S\u00e9rgio Baptista Zacarelli, o gol da vit\u00f3ria da A.A. FIB foi &#8220;anotado&#8221; por Caique, aos 9 minutos do segundo tempo. O Dracena\/Tempersul tamb\u00e9m mediu for\u00e7as com a Intelli, mas n\u00e3o conseguiu um resultado positivo, perdendo por 2 a 0 no Alaor Ferrari.<br \/>\n<strong>&#8220;Dracena venceu o Magnus Futsal, time do craque Falc\u00e3o e atual campe\u00e3o mundial, na decis\u00e3o dos Jogos Abertos, o que mostra toda a sua for\u00e7a e o trabalho que est\u00e1 sendo desenvolvido. Vamos entrar em quadra respeitando o nosso advers\u00e1rio, mas cientes que temos totais condi\u00e7\u00f5es de fazer outro grande jogo&#8221;,\u00a0<\/strong>disse o treinador do time de Bauru-SP.<br \/>\n<strong>&#8220;Conversamos muito sobre a postura apresentada na estreia, e para sairmos sempre satisfeitos de quadra, a postura ter\u00e1 que ser a mesma em todos os jogos&#8221;,<\/strong> finalizou &#8220;Alem\u00e3o&#8221;.<br \/>\nA partida entre as equipes bauruense e dracenense \u00e9 v\u00e1lida pelo grupo A da Copa Paulista de Futsal, segunda principal competi\u00e7\u00e3o das quadras em S\u00e3o Paulo.<br \/>\n&nbsp;<br \/>\nPor Assessoria FPFS<br \/>\nCom informa\u00e7\u00f5es: Rafael Peloso\/A.A. FIB<br \/>\nFoto: Divulga\u00e7\u00e3o\/ Luan Amaral\/ADC Intelli<br \/>\n&nbsp;<br \/>\n&nbsp;<\/p>\n","protected":false},"excerpt":{"rendered":"<p>&nbsp; Ap\u00f3s vit\u00f3ria contra a ADC Intelli\/Orl\u00e2ndia pelo placar de 1 a 0 na estreia, a A.A. FIB, de Bauru-SP,<\/p>\n","protected":false},"author":1,"featured_media":13629,"comment_status":"closed","ping_status":"open","sticky":false,"template":"","format":"standard","meta":{"footnotes":""},"categories":[23,29,32],"tags":[99,196,244,367,369,718,877,881,940,999,1323,1334,1418,1824,2323,2422,2428],"class_list":["post-13627","post","type-post","status-publish","format-standard","has-post-thumbnail","hentry","category-copa-paulista","category-interior","category-maiores","tag-a-a-fib","tag-alemao","tag-apos-vitoria","tag-bauru","tag-bauruenses","tag-copa-paulista","tag-dracena","tag-dracenenses","tag-entrevista","tag-everton-carvalho","tag-intelli","tag-interior","tag-jogo","tag-partida","tag-sonoras","tag-tecnico","tag-tempersul"],"_links":{"self":[{"href":"https:\/\/www.federacaopaulistadefutsal.com.br\/novo\/wp-json\/wp\/v2\/posts\/13627","targetHints":{"allow":["GET"]}}],"collection":[{"href":"https:\/\/www.federacaopaulistadefutsal.com.br\/novo\/wp-json\/wp\/v2\/posts"}],"about":[{"href":"https:\/\/www.federacaopaulistadefutsal.com.br\/novo\/wp-json\/wp\/v2\/types\/post"}],"author":[{"embeddable":true,"href":"https:\/\/www.federacaopaulistadefutsal.com.br\/novo\/wp-json\/wp\/v2\/users\/1"}],"replies":[{"embeddable":true,"href":"https:\/\/www.federacaopaulistadefutsal.com.br\/novo\/wp-json\/wp\/v2\/comments?post=13627"}],"version-history":[{"count":0,"href":"https:\/\/www.federacaopaulistadefutsal.com.br\/novo\/wp-json\/wp\/v2\/posts\/13627\/revisions"}],"wp:featuredmedia":[{"embeddable":true,"href":"https:\/\/www.federacaopaulistadefutsal.com.br\/novo\/wp-json\/"}],"wp:attachment":[{"href":"https:\/\/www.federacaopaulistadefutsal.com.br\/novo\/wp-json\/wp\/v2\/media?parent=13627"}],"wp:term":[{"taxonomy":"category","embeddable":true,"href":"https:\/\/www.federacaopaulistadefutsal.com.br\/novo\/wp-json\/wp\/v2\/categories?post=13627"},{"taxonomy":"post_tag","embeddable":true,"href":"https:\/\/www.federacaopaulistadefutsal.com.br\/novo\/wp-json\/wp\/v2\/tags?post=13627"}],"curies":[{"name":"wp","href":"https:\/\/api.w.org\/{rel}","templated":true}]}}