{"id":13657,"date":"2016-09-27T11:54:17","date_gmt":"2016-09-27T11:54:17","guid":{"rendered":"http:\/\/www.federacaopaulistadefutsal.com.br\/?p=13657"},"modified":"2016-09-27T11:54:17","modified_gmt":"2016-09-27T11:54:17","slug":"longe-do-duduzao-a-a-fib-perde-primeira-na-copa-paulista-de-futsal","status":"publish","type":"post","link":"https:\/\/www.federacaopaulistadefutsal.com.br\/novo\/longe-do-duduzao-a-a-fib-perde-primeira-na-copa-paulista-de-futsal\/","title":{"rendered":"Longe do Duduz\u00e3o, A.A. FIB perde primeira na Copa Paulista de Futsal"},"content":{"rendered":"<p>&nbsp;<br \/>\nNa noite da \u00faltima segunda-feira (26), em partida v\u00e1lida pela Copa Paulista de Futsal, a A.A. FIB, de Bauru-SP, encarou o Dracena\/Tempersul fora de casa, no gin\u00e1sio Alaor Ferrari, na cidade de Dracena-SP. Longe do Duduz\u00e3o, a equipe bauruense foi batida pela dracenense por 3 a 1, e com o resultado, conheceu sua primeira derrota na competi\u00e7\u00e3o.<br \/>\nOs gols da vit\u00f3ria do Dracena\/Tempersul foram &#8220;anotados&#8221; pelos seguintes jogadores: Costelinha, Tatinho, e por fim, Leandrinho. A favor da A.A. FIB, comandada pelo t\u00e9cnico Everton Carvalho, o &#8220;Alem\u00e3o&#8221;, o piv\u00f4 Will colocou a &#8220;redonda&#8221; no fundo do &#8220;barbante&#8221;, mas n\u00e3o p\u00f4de evitar o placar adverso.<br \/>\nCom uma vit\u00f3ria e uma derrota no grupo A da Copa Paulista, na pr\u00f3xima rodada, o time de Bauru-SP novamente medir\u00e1 for\u00e7as com a ADC Intelli\/Orl\u00e2ndia, s\u00f3 que desta vez no Duduz\u00e3o, na sexta-feira (30), a partir das 20h00. J\u00e1 a equipe dracenense, com duas vit\u00f3rias e uma derrota, vai enfrentar a A.A. Pompeia no dia 14 de outubro, \u00e0s 20h00, no gin\u00e1sio Alaor Ferrari.<br \/>\n&nbsp;<br \/>\nPor Assessoria FPFS<br \/>\nCom informa\u00e7\u00f5es e foto: Rafael Peloso\/A.A. FIB e Jornada Esportiva<br \/>\n&nbsp;<\/p>\n","protected":false},"excerpt":{"rendered":"<p>&nbsp; Na noite da \u00faltima segunda-feira (26), em partida v\u00e1lida pela Copa Paulista de Futsal, a A.A. FIB, de Bauru-SP,<\/p>\n","protected":false},"author":1,"featured_media":13658,"comment_status":"closed","ping_status":"open","sticky":false,"template":"","format":"standard","meta":{"footnotes":""},"categories":[23,29,32],"tags":[99,367,369,648,718,807,877,881,1103,1232,1334,1418,1824,2603],"class_list":["post-13657","post","type-post","status-publish","format-standard","has-post-thumbnail","hentry","category-copa-paulista","category-interior","category-maiores","tag-a-a-fib","tag-bauru","tag-bauruenses","tag-competicao","tag-copa-paulista","tag-derrota","tag-dracena","tag-dracenenses","tag-fora-de-casa","tag-grupo-a","tag-interior","tag-jogo","tag-partida","tag-vitoria"],"_links":{"self":[{"href":"https:\/\/www.federacaopaulistadefutsal.com.br\/novo\/wp-json\/wp\/v2\/posts\/13657","targetHints":{"allow":["GET"]}}],"collection":[{"href":"https:\/\/www.federacaopaulistadefutsal.com.br\/novo\/wp-json\/wp\/v2\/posts"}],"about":[{"href":"https:\/\/www.federacaopaulistadefutsal.com.br\/novo\/wp-json\/wp\/v2\/types\/post"}],"author":[{"embeddable":true,"href":"https:\/\/www.federacaopaulistadefutsal.com.br\/novo\/wp-json\/wp\/v2\/users\/1"}],"replies":[{"embeddable":true,"href":"https:\/\/www.federacaopaulistadefutsal.com.br\/novo\/wp-json\/wp\/v2\/comments?post=13657"}],"version-history":[{"count":0,"href":"https:\/\/www.federacaopaulistadefutsal.com.br\/novo\/wp-json\/wp\/v2\/posts\/13657\/revisions"}],"wp:featuredmedia":[{"embeddable":true,"href":"https:\/\/www.federacaopaulistadefutsal.com.br\/novo\/wp-json\/"}],"wp:attachment":[{"href":"https:\/\/www.federacaopaulistadefutsal.com.br\/novo\/wp-json\/wp\/v2\/media?parent=13657"}],"wp:term":[{"taxonomy":"category","embeddable":true,"href":"https:\/\/www.federacaopaulistadefutsal.com.br\/novo\/wp-json\/wp\/v2\/categories?post=13657"},{"taxonomy":"post_tag","embeddable":true,"href":"https:\/\/www.federacaopaulistadefutsal.com.br\/novo\/wp-json\/wp\/v2\/tags?post=13657"}],"curies":[{"name":"wp","href":"https:\/\/api.w.org\/{rel}","templated":true}]}}