{"id":13711,"date":"2016-09-29T10:00:04","date_gmt":"2016-09-29T10:00:04","guid":{"rendered":"http:\/\/www.federacaopaulistadefutsal.com.br\/?p=13711"},"modified":"2016-09-29T10:00:04","modified_gmt":"2016-09-29T10:00:04","slug":"unindo-todas-categorias-corinthians-realiza-treino-no-parque-sao-jorge","status":"publish","type":"post","link":"https:\/\/www.federacaopaulistadefutsal.com.br\/novo\/unindo-todas-categorias-corinthians-realiza-treino-no-parque-sao-jorge\/","title":{"rendered":"Unindo todas categorias, Corinthians realiza treino no Parque S\u00e3o Jorge"},"content":{"rendered":"<p>&nbsp;<br \/>\nPela primeira vez, na noite da \u00faltima segunda-feira (26), o Corinthians, pioneiro nas categorias menores e maiores no futsal, realizou treino entre todas as categorias, desde a sub-8 at\u00e9 a principal. As atividades com bola aconteceram no gin\u00e1sio do Parque S\u00e3o Jorge, em S\u00e3o Paulo-SP.<br \/>\nTreinador de goleiros do alvinegro, Marcelo Gallina declarou o seguinte sobre o evento: <strong>&#8220;Foi muito bacana ver a integra\u00e7\u00e3o entre todas as categorias. Como estamos trabalhando com crian\u00e7as, criamos situa\u00e7\u00f5es mais l\u00fadicas, tornando o trabalho mais prazeroso e fazendo uma alus\u00e3o \u00e0 rotina de trabalho do Corinthians\/UNIP&#8221;,<\/strong> disse.<br \/>\nEnfatizando a import\u00e2ncia do treino para as categorias menores, Andr\u00e9 Bi\u00e9, t\u00e9cnico da equipe adulta do Corinthians, avaliou: <strong>&#8220;\u00c9 uma experi\u00eancia pioneira e \u00edmpar para todos n\u00f3s, muito positiva. Tudo isso torna a modalidade cada vez maior, atrav\u00e9s da integra\u00e7\u00e3o entre os jovens e seus \u00eddolos. Para o garoto, poder sentir a atmosfera e a din\u00e2mica com os jogadores do adulto, \u00e9 uma grande evolu\u00e7\u00e3o&#8221;. \u00a0<\/strong><br \/>\nRelacionando a atividade do clube corintiano com as de equipes do futsal europeu, Daniel Magalh\u00e3es, t\u00e9cnico do Tim\u00e3o sub-16 e 17, declarou: <strong>&#8220;A a\u00e7\u00e3o segue os moldes europeus, equipes como o Barcelona j\u00e1 desenvolvem atividades similares. Dentro dela, os garotos aprendem n\u00e3o apenas a metodologia do trabalho, mas tamb\u00e9m a filosofia do Corinthians. O exemplo dos atletas mais experientes serve de refer\u00eancia e inspira\u00e7\u00e3o para os jovens jogadores&#8221;,<\/strong> afirmou.<br \/>\nO Corinthians, pelas categorias menores e maiores, disputa as competi\u00e7\u00f5es da Federa\u00e7\u00e3o Paulista de Futsal (FPFS), entidade que administra e organiza o esporte das quadras em S\u00e3o Paulo.<br \/>\n&nbsp;<br \/>\nPor Assessoria FPFS<br \/>\nCom informa\u00e7\u00f5es: Liga Nacional de Futsal (LNF)<br \/>\nFoto: Divulga\u00e7\u00e3o\/Ag\u00eancia Corinthians<\/p>\n","protected":false},"excerpt":{"rendered":"<p>&nbsp; Pela primeira vez, na noite da \u00faltima segunda-feira (26), o Corinthians, pioneiro nas categorias menores e maiores no futsal,<\/p>\n","protected":false},"author":1,"featured_media":13713,"comment_status":"closed","ping_status":"open","sticky":false,"template":"","format":"standard","meta":{"footnotes":""},"categories":[25,32,33],"tags":[149,203,304,551,734,827,1171,1575,1643,1684,1819,1978,2457,2488,2490,2527],"class_list":["post-13711","post","type-post","status-publish","format-standard","has-post-thumbnail","hentry","category-destaques","category-maiores","category-menores","tag-acao","tag-alvinegro","tag-atividade","tag-categorias","tag-corinthians","tag-destaque","tag-garotada","tag-maiores","tag-menores-2","tag-molecada","tag-parque-sao-jorge","tag-principal","tag-timao","tag-treinamento","tag-treino","tag-uniao"],"_links":{"self":[{"href":"https:\/\/www.federacaopaulistadefutsal.com.br\/novo\/wp-json\/wp\/v2\/posts\/13711","targetHints":{"allow":["GET"]}}],"collection":[{"href":"https:\/\/www.federacaopaulistadefutsal.com.br\/novo\/wp-json\/wp\/v2\/posts"}],"about":[{"href":"https:\/\/www.federacaopaulistadefutsal.com.br\/novo\/wp-json\/wp\/v2\/types\/post"}],"author":[{"embeddable":true,"href":"https:\/\/www.federacaopaulistadefutsal.com.br\/novo\/wp-json\/wp\/v2\/users\/1"}],"replies":[{"embeddable":true,"href":"https:\/\/www.federacaopaulistadefutsal.com.br\/novo\/wp-json\/wp\/v2\/comments?post=13711"}],"version-history":[{"count":0,"href":"https:\/\/www.federacaopaulistadefutsal.com.br\/novo\/wp-json\/wp\/v2\/posts\/13711\/revisions"}],"wp:featuredmedia":[{"embeddable":true,"href":"https:\/\/www.federacaopaulistadefutsal.com.br\/novo\/wp-json\/"}],"wp:attachment":[{"href":"https:\/\/www.federacaopaulistadefutsal.com.br\/novo\/wp-json\/wp\/v2\/media?parent=13711"}],"wp:term":[{"taxonomy":"category","embeddable":true,"href":"https:\/\/www.federacaopaulistadefutsal.com.br\/novo\/wp-json\/wp\/v2\/categories?post=13711"},{"taxonomy":"post_tag","embeddable":true,"href":"https:\/\/www.federacaopaulistadefutsal.com.br\/novo\/wp-json\/wp\/v2\/tags?post=13711"}],"curies":[{"name":"wp","href":"https:\/\/api.w.org\/{rel}","templated":true}]}}