{"id":13715,"date":"2016-09-29T11:00:49","date_gmt":"2016-09-29T11:00:49","guid":{"rendered":"http:\/\/www.federacaopaulistadefutsal.com.br\/?p=13715"},"modified":"2016-09-29T11:00:49","modified_gmt":"2016-09-29T11:00:49","slug":"tecnico-do-magnus-ferretti-avalia-importancia-da-pausa-ao-mundial","status":"publish","type":"post","link":"https:\/\/www.federacaopaulistadefutsal.com.br\/novo\/tecnico-do-magnus-ferretti-avalia-importancia-da-pausa-ao-mundial\/","title":{"rendered":"T\u00e9cnico do Magnus, Ferretti avalia import\u00e2ncia da pausa ao Mundial"},"content":{"rendered":"<p>&nbsp;<br \/>\nAtual campe\u00e3o do Mundial de Futsal, o Magnus, da cidade de Sorocaba-SP, est\u00e1 nas semifinais da Liga Paulista e oitavas de final da Liga Nacional, e pensando em tais competi\u00e7\u00f5es, segue realizando treinos para buscar os &#8220;canecos&#8221;. T\u00e9cnico da equipe sorocabana, Fernando Ferretti falou sobre a import\u00e2ncia da pausa \u00e0 Copa do Mundo para a melhora de seus comandados nas quatro linhas.<br \/>\n<strong>&#8220;Este per\u00edodo de pausa no calend\u00e1rio foi important\u00edssimo. A equipe teve a possibilidade de melhorar o condicionamento f\u00edsico no primeiro momento, pela sequ\u00eancia de jogos que tivemos at\u00e9 ent\u00e3o. Depois, focamos na parte competitiva, na disputa dos Jogos Abertos, embora o resultado n\u00e3o tenha sido o esperado, a sequ\u00eancia de cinco jogos foi interessante para a retomada do grupo na condi\u00e7\u00e3o de jogo&#8221;,\u00a0<\/strong>avaliou o treinador.<br \/>\n<strong>&#8220;Nessas semanas que ainda nos restam, faremos o chamado polimento. Vamos posicionar a equipe dentro de quadra para que o time chegue em um est\u00e1gio muito melhor para o confronto contra Jaragu\u00e1, diferente do que vimos na partida contra Guarapuava, pela \u00faltima rodada da primeira fase da competi\u00e7\u00e3o nacional&#8221;,\u00a0<\/strong>revelou Ferretti, finalizando seu discurso.<br \/>\nTime do t\u00e9cnico, o Magnus Futsal medir\u00e1 for\u00e7as com o Jaragu\u00e1, de Santa Catarina, nas oitavas da Liga Nacional, e os jogos est\u00e3o marcados para os dias 08 e 15 de outubro. Pelas semifinais da Liga Paulista, a equipe sorocabana vai enfrentar a AABB\/MAPFRE, em partidas que acontecer\u00e3o nos dias 18 e 24 de outubro.<br \/>\n&nbsp;<br \/>\nPor Assessoria FPFS<br \/>\nCom informa\u00e7\u00f5es: CBFS<br \/>\nFoto: Divulga\u00e7\u00e3o\/Magnus Futsal<\/p>\n","protected":false},"excerpt":{"rendered":"<p>&nbsp; Atual campe\u00e3o do Mundial de Futsal, o Magnus, da cidade de Sorocaba-SP, est\u00e1 nas semifinais da Liga Paulista e<\/p>\n","protected":false},"author":1,"featured_media":13717,"comment_status":"closed","ping_status":"open","sticky":false,"template":"","format":"standard","meta":{"footnotes":""},"categories":[29,30,31,32],"tags":[330,710,940,1050,1054,1570,1702,1778,1844,2323,2325,2328,2422,2485,2491],"class_list":["post-13715","post","type-post","status-publish","format-standard","has-post-thumbnail","hentry","category-interior","category-liga-nacional-de-futsal","category-liga-paulista-de-futsal","category-maiores","tag-avalia","tag-copa-do-mundo","tag-entrevista","tag-fernando","tag-ferretti","tag-magnus","tag-mundial","tag-opiniao","tag-pausa","tag-sonoras","tag-sorocaba","tag-sorocabanos","tag-tecnico","tag-treinador","tag-treinos"],"_links":{"self":[{"href":"https:\/\/www.federacaopaulistadefutsal.com.br\/novo\/wp-json\/wp\/v2\/posts\/13715","targetHints":{"allow":["GET"]}}],"collection":[{"href":"https:\/\/www.federacaopaulistadefutsal.com.br\/novo\/wp-json\/wp\/v2\/posts"}],"about":[{"href":"https:\/\/www.federacaopaulistadefutsal.com.br\/novo\/wp-json\/wp\/v2\/types\/post"}],"author":[{"embeddable":true,"href":"https:\/\/www.federacaopaulistadefutsal.com.br\/novo\/wp-json\/wp\/v2\/users\/1"}],"replies":[{"embeddable":true,"href":"https:\/\/www.federacaopaulistadefutsal.com.br\/novo\/wp-json\/wp\/v2\/comments?post=13715"}],"version-history":[{"count":0,"href":"https:\/\/www.federacaopaulistadefutsal.com.br\/novo\/wp-json\/wp\/v2\/posts\/13715\/revisions"}],"wp:featuredmedia":[{"embeddable":true,"href":"https:\/\/www.federacaopaulistadefutsal.com.br\/novo\/wp-json\/"}],"wp:attachment":[{"href":"https:\/\/www.federacaopaulistadefutsal.com.br\/novo\/wp-json\/wp\/v2\/media?parent=13715"}],"wp:term":[{"taxonomy":"category","embeddable":true,"href":"https:\/\/www.federacaopaulistadefutsal.com.br\/novo\/wp-json\/wp\/v2\/categories?post=13715"},{"taxonomy":"post_tag","embeddable":true,"href":"https:\/\/www.federacaopaulistadefutsal.com.br\/novo\/wp-json\/wp\/v2\/tags?post=13715"}],"curies":[{"name":"wp","href":"https:\/\/api.w.org\/{rel}","templated":true}]}}