{"id":13759,"date":"2016-09-30T16:00:12","date_gmt":"2016-09-30T16:00:12","guid":{"rendered":"http:\/\/www.federacaopaulistadefutsal.com.br\/?p=13759"},"modified":"2016-09-30T16:00:12","modified_gmt":"2016-09-30T16:00:12","slug":"longe-do-parque-corinthians-goleia-magnus-pelo-estadual-sub-20","status":"publish","type":"post","link":"https:\/\/www.federacaopaulistadefutsal.com.br\/novo\/longe-do-parque-corinthians-goleia-magnus-pelo-estadual-sub-20\/","title":{"rendered":"Longe do Parque, Corinthians goleia Magnus pelo Estadual sub-20"},"content":{"rendered":"<p>&nbsp;<br \/>\nJogando no gin\u00e1sio do \u00c9den, na cidade de Sorocaba-SP, na \u00faltima quarta-feira (28), o Corinthians encarou o Magnus Futsal em partida v\u00e1lida pelo Campeonato Estadual sub-20. Longe do Parque S\u00e3o Jorge, o alvinegro surpreendeu o time sorocabano nas quatro linhas, vencendo por goleada de 9 a 1.<br \/>\nOs gols da vit\u00f3ria &#8220;el\u00e1stica&#8221; do Tim\u00e3o foram &#8220;anotados&#8221; por Ruan Silveira, que balan\u00e7ou a rede tr\u00eas vezes, Matheus Rodrigues (2), Luc\u00e3o, Meira, R\u00f4mulo e Klyschilan. A favor da equipe mandante, o atleta das quadras Lucas Reis colocou a &#8220;redonda&#8221; no fundo do &#8220;barbante&#8221; corintiano.<br \/>\nCom o resultado, o Corinthians segue na lideran\u00e7a da competi\u00e7\u00e3o, e somando 9 pontos ganhos, tem tr\u00eas vit\u00f3rias em tr\u00eas partidas. Agora, na pr\u00f3xima rodada do Estadual sub-20, o alvinegro, comandado pelo t\u00e9cnico Andr\u00e9 Bi\u00e9, vai enfrentar o O.S. Jundia\u00ed de Esportes\/C. S\u00e3o Jo\u00e3o, de Jundia\u00ed-SP, atual terceiro colocado.<br \/>\nO confronto entre os times da capital e do interior est\u00e1 marcado para acontecer no dia 14 de outubro, a partir das 17h00, no gin\u00e1sio Dr. Rom\u00e3o de Souza, casa dos jundiaienses.<br \/>\n&nbsp;<br \/>\nPor Assessoria FPFS<br \/>\nFoto: Divulga\u00e7\u00e3o\/Ag\u00eancia Corinthians<br \/>\n&nbsp;<br \/>\n&nbsp;<\/p>\n","protected":false},"excerpt":{"rendered":"<p>&nbsp; Jogando no gin\u00e1sio do \u00c9den, na cidade de Sorocaba-SP, na \u00faltima quarta-feira (28), o Corinthians encarou o Magnus Futsal<\/p>\n","protected":false},"author":1,"featured_media":13761,"comment_status":"closed","ping_status":"open","sticky":false,"template":"","format":"standard","meta":{"footnotes":""},"categories":[25,11,32],"tags":[203,734,975,1103,1201,1334,1418,1570,1748,1824,1835,2325,2328,2352,2457],"class_list":["post-13759","post","type-post","status-publish","format-standard","has-post-thumbnail","hentry","category-destaques","category-estadual-sub-20","category-maiores","tag-alvinegro","tag-corinthians","tag-estadual","tag-fora-de-casa","tag-goleada","tag-interior","tag-jogo","tag-magnus","tag-nove","tag-partida","tag-paulista","tag-sorocaba","tag-sorocabanos","tag-sub-20","tag-timao"],"_links":{"self":[{"href":"https:\/\/www.federacaopaulistadefutsal.com.br\/novo\/wp-json\/wp\/v2\/posts\/13759","targetHints":{"allow":["GET"]}}],"collection":[{"href":"https:\/\/www.federacaopaulistadefutsal.com.br\/novo\/wp-json\/wp\/v2\/posts"}],"about":[{"href":"https:\/\/www.federacaopaulistadefutsal.com.br\/novo\/wp-json\/wp\/v2\/types\/post"}],"author":[{"embeddable":true,"href":"https:\/\/www.federacaopaulistadefutsal.com.br\/novo\/wp-json\/wp\/v2\/users\/1"}],"replies":[{"embeddable":true,"href":"https:\/\/www.federacaopaulistadefutsal.com.br\/novo\/wp-json\/wp\/v2\/comments?post=13759"}],"version-history":[{"count":0,"href":"https:\/\/www.federacaopaulistadefutsal.com.br\/novo\/wp-json\/wp\/v2\/posts\/13759\/revisions"}],"wp:featuredmedia":[{"embeddable":true,"href":"https:\/\/www.federacaopaulistadefutsal.com.br\/novo\/wp-json\/"}],"wp:attachment":[{"href":"https:\/\/www.federacaopaulistadefutsal.com.br\/novo\/wp-json\/wp\/v2\/media?parent=13759"}],"wp:term":[{"taxonomy":"category","embeddable":true,"href":"https:\/\/www.federacaopaulistadefutsal.com.br\/novo\/wp-json\/wp\/v2\/categories?post=13759"},{"taxonomy":"post_tag","embeddable":true,"href":"https:\/\/www.federacaopaulistadefutsal.com.br\/novo\/wp-json\/wp\/v2\/tags?post=13759"}],"curies":[{"name":"wp","href":"https:\/\/api.w.org\/{rel}","templated":true}]}}