{"id":13767,"date":"2016-10-01T13:34:44","date_gmt":"2016-10-01T13:34:44","guid":{"rendered":"http:\/\/www.federacaopaulistadefutsal.com.br\/?p=13767"},"modified":"2016-10-01T13:34:44","modified_gmt":"2016-10-01T13:34:44","slug":"copa-paulista-em-jogaco-no-vale-jacarei-fica-no-empate-com-yoka","status":"publish","type":"post","link":"https:\/\/www.federacaopaulistadefutsal.com.br\/novo\/copa-paulista-em-jogaco-no-vale-jacarei-fica-no-empate-com-yoka\/","title":{"rendered":"Copa Paulista: Em joga\u00e7o no Vale, Jacare\u00ed fica no empate com Yoka"},"content":{"rendered":"<p>&nbsp;<br \/>\nJogando no gin\u00e1sio Educamais, na \u00faltima sexta-feira (30), o Jacare\u00ed Futsal recebeu a A.D. Yoka\/AcR\/Unisal, de Guaratinguet\u00e1-SP, em partida v\u00e1lida pela Copa Paulista. Em joga\u00e7o no Vale do Para\u00edba, os times do interior empataram pelo placar de 4 a 4.<br \/>\nOs gols da equipe mandante foram &#8220;anotados&#8221; pelos seguintes atletas das quadras: Joe, que balan\u00e7ou a rede duas vezes, Fe e Fabr\u00edcio (contra). A favor do time de &#8220;Guar\u00e1&#8221;, os jogadores Caio Barros, Rabisko, Pula e Fabr\u00edcio colocaram a &#8220;redonda&#8221; no fundo da rede.<br \/>\nCom o resultado, os jacareienses conquistaram seu primeiro ponto no grupo B da competi\u00e7\u00e3o, e em tr\u00eas partidas disputadas, tem um empate e duas derrotas. Os guaratinguetaenses, por sua vez, somam 4 pontos ganhos: uma vit\u00f3ria, um empate e uma derrota.<br \/>\nAgora, na pr\u00f3xima rodada da Copa Paulista, o Jacare\u00ed medir\u00e1 for\u00e7as com o Gr\u00eamio Mogiano na sexta-feira (07), a partir das 19h30, novamente no Educamais. Na quinta (06), a A.D. Yoka\/AcR\/Unisal vai encarar o S\u00e3o Jos\u00e9\/Vale Sul\/Unimed no Itaguar\u00e1 Country Clube, em Guaratinguet\u00e1-SP, \u00e0s 20h00.<br \/>\n&nbsp;<br \/>\nPor Assessoria FPFS<br \/>\nCom informa\u00e7\u00f5es: Futsal em Pauta<br \/>\nFoto: Divulga\u00e7\u00e3o\/Liga Paulista de Futsal (LPF)<br \/>\n&nbsp;<br \/>\n&nbsp;<\/p>\n","protected":false},"excerpt":{"rendered":"<p>&nbsp; Jogando no gin\u00e1sio Educamais, na \u00faltima sexta-feira (30), o Jacare\u00ed Futsal recebeu a A.D. Yoka\/AcR\/Unisal, de Guaratinguet\u00e1-SP, em partida<\/p>\n","protected":false},"author":1,"featured_media":13770,"comment_status":"closed","ping_status":"open","sticky":false,"template":"","format":"standard","meta":{"footnotes":""},"categories":[23,29,32],"tags":[608,718,929,1233,1237,1240,1242,1380,1382,1407,1418,1824,2548,2631],"class_list":["post-13767","post","type-post","status-publish","format-standard","has-post-thumbnail","hentry","category-copa-paulista","category-interior","category-maiores","tag-classico","tag-copa-paulista","tag-empate","tag-grupo-b","tag-guara","tag-guaratingueta","tag-guaratinguetaenses","tag-jacarei","tag-jacareienses","tag-jogaco","tag-jogo","tag-partida","tag-vale-do-paraiba","tag-yoka"],"_links":{"self":[{"href":"https:\/\/www.federacaopaulistadefutsal.com.br\/novo\/wp-json\/wp\/v2\/posts\/13767","targetHints":{"allow":["GET"]}}],"collection":[{"href":"https:\/\/www.federacaopaulistadefutsal.com.br\/novo\/wp-json\/wp\/v2\/posts"}],"about":[{"href":"https:\/\/www.federacaopaulistadefutsal.com.br\/novo\/wp-json\/wp\/v2\/types\/post"}],"author":[{"embeddable":true,"href":"https:\/\/www.federacaopaulistadefutsal.com.br\/novo\/wp-json\/wp\/v2\/users\/1"}],"replies":[{"embeddable":true,"href":"https:\/\/www.federacaopaulistadefutsal.com.br\/novo\/wp-json\/wp\/v2\/comments?post=13767"}],"version-history":[{"count":0,"href":"https:\/\/www.federacaopaulistadefutsal.com.br\/novo\/wp-json\/wp\/v2\/posts\/13767\/revisions"}],"wp:featuredmedia":[{"embeddable":true,"href":"https:\/\/www.federacaopaulistadefutsal.com.br\/novo\/wp-json\/"}],"wp:attachment":[{"href":"https:\/\/www.federacaopaulistadefutsal.com.br\/novo\/wp-json\/wp\/v2\/media?parent=13767"}],"wp:term":[{"taxonomy":"category","embeddable":true,"href":"https:\/\/www.federacaopaulistadefutsal.com.br\/novo\/wp-json\/wp\/v2\/categories?post=13767"},{"taxonomy":"post_tag","embeddable":true,"href":"https:\/\/www.federacaopaulistadefutsal.com.br\/novo\/wp-json\/wp\/v2\/tags?post=13767"}],"curies":[{"name":"wp","href":"https:\/\/api.w.org\/{rel}","templated":true}]}}