{"id":13790,"date":"2016-10-03T15:04:23","date_gmt":"2016-10-03T15:04:23","guid":{"rendered":"http:\/\/www.federacaopaulistadefutsal.com.br\/?p=13790"},"modified":"2016-10-03T15:04:23","modified_gmt":"2016-10-03T15:04:23","slug":"artilheira-nas-quatro-linhas-vanessa-avalia-inicio-de-temporada-na-italia","status":"publish","type":"post","link":"https:\/\/www.federacaopaulistadefutsal.com.br\/novo\/artilheira-nas-quatro-linhas-vanessa-avalia-inicio-de-temporada-na-italia\/","title":{"rendered":"Artilheira nas quatro linhas, Vanessa avalia in\u00edcio de temporada na It\u00e1lia"},"content":{"rendered":"<p>&nbsp;<br \/>\nMelhor jogadora do mundo de futsal em 2010, 2011 e 2012, Vanessa segue balan\u00e7ando as redes, al\u00e9m de estar presente, a cada ano, na lista entre as principais atletas das quadras. A artilheira, que atua no esporte das quadras na It\u00e1lia, falou sobre seu in\u00edcio de temporada no pa\u00eds europeu. Confira!<br \/>\n<strong>&#8220;Estreia \u00e9 sempre estreia. Tivemos nervosismo, ansiedade para colocar em pr\u00e1tica o que treinamos e algumas coisas n\u00e3o sa\u00edram. O Pescara tamb\u00e9m soube defender e chegar bem ao ataque e isso nos dificultou. Mas tamb\u00e9m fizemos coisas boas e a vit\u00f3ria aconteceu. Tivemos momentos bons e momentos de desaten\u00e7\u00e3o total, e com um advers\u00e1rio de qualidade do outro lado, sofremos os gols. Essa semana vamos buscar corrigir o que temos feito de errado para chegar domingo diante do Cagliari um pouco melhor&#8221;,\u00a0<\/strong>avaliou.<br \/>\n<strong>&#8220;Estou muito feliz em poder ajudar o Sinnai (time dela) desde o primeiro jogo do campeonato. Diferente do ano passado, que s\u00f3 pude jogar no returno \u00e0 espera dos documentos ficarem prontos. Esse ano fizemos tudo antes de voltar ao Brasil, de f\u00e9rias, para poder j\u00e1 jogar na primeira partida&#8221;,\u00a0<\/strong>declarou a jogadora, que veste a camisa 7.<br \/>\nPensando na Sele\u00e7\u00e3o Brasileira, que disputar\u00e1 o Mundial em novembro e dezembro, Vanessa segue se preparando al\u00e9m das quatro linhas. E em rela\u00e7\u00e3o \u00e0 equipe verde e amarela, a artilheira declarou o seguinte: <strong>&#8220;<\/strong><strong>Tenho que trabalhar bem aqui para render a convoca\u00e7\u00e3o no Brasil. Ainda estamos aguardando onde ser\u00e1 o Mundial desse ano, que ainda n\u00e3o foi anunciada a sede&#8221;,<i>\u00a0<\/i><\/strong><i><\/i>finalizou a atleta das quadras.<br \/>\n&nbsp;<br \/>\nPor Assessoria FPFS<br \/>\nCom informa\u00e7\u00f5es: Tamiris Dinamarco\/Express Sports<br \/>\nFoto: Divulga\u00e7\u00e3o\/Juna Manca<\/p>\n","protected":false},"excerpt":{"rendered":"<p>&nbsp; Melhor jogadora do mundo de futsal em 2010, 2011 e 2012, Vanessa segue balan\u00e7ando as redes, al\u00e9m de estar<\/p>\n","protected":false},"author":1,"featured_media":13793,"comment_status":"closed","ping_status":"open","sticky":false,"template":"","format":"standard","meta":{"footnotes":""},"categories":[25,26,32],"tags":[276,308,330,746,940,1143,1314,1356,1411,1615,2323,2430,2555],"class_list":["post-13790","post","type-post","status-publish","format-standard","has-post-thumbnail","hentry","category-destaques","category-feminino","category-maiores","tag-artilheira","tag-atleta","tag-avalia","tag-craque","tag-entrevista","tag-futsal-italiano","tag-inicio","tag-italia","tag-jogadora","tag-matadora","tag-sonoras","tag-temporada","tag-vanessa"],"_links":{"self":[{"href":"https:\/\/www.federacaopaulistadefutsal.com.br\/novo\/wp-json\/wp\/v2\/posts\/13790","targetHints":{"allow":["GET"]}}],"collection":[{"href":"https:\/\/www.federacaopaulistadefutsal.com.br\/novo\/wp-json\/wp\/v2\/posts"}],"about":[{"href":"https:\/\/www.federacaopaulistadefutsal.com.br\/novo\/wp-json\/wp\/v2\/types\/post"}],"author":[{"embeddable":true,"href":"https:\/\/www.federacaopaulistadefutsal.com.br\/novo\/wp-json\/wp\/v2\/users\/1"}],"replies":[{"embeddable":true,"href":"https:\/\/www.federacaopaulistadefutsal.com.br\/novo\/wp-json\/wp\/v2\/comments?post=13790"}],"version-history":[{"count":0,"href":"https:\/\/www.federacaopaulistadefutsal.com.br\/novo\/wp-json\/wp\/v2\/posts\/13790\/revisions"}],"wp:featuredmedia":[{"embeddable":true,"href":"https:\/\/www.federacaopaulistadefutsal.com.br\/novo\/wp-json\/"}],"wp:attachment":[{"href":"https:\/\/www.federacaopaulistadefutsal.com.br\/novo\/wp-json\/wp\/v2\/media?parent=13790"}],"wp:term":[{"taxonomy":"category","embeddable":true,"href":"https:\/\/www.federacaopaulistadefutsal.com.br\/novo\/wp-json\/wp\/v2\/categories?post=13790"},{"taxonomy":"post_tag","embeddable":true,"href":"https:\/\/www.federacaopaulistadefutsal.com.br\/novo\/wp-json\/wp\/v2\/tags?post=13790"}],"curies":[{"name":"wp","href":"https:\/\/api.w.org\/{rel}","templated":true}]}}