{"id":13811,"date":"2016-10-04T17:33:10","date_gmt":"2016-10-04T17:33:10","guid":{"rendered":"http:\/\/www.federacaopaulistadefutsal.com.br\/?p=13811"},"modified":"2016-10-04T17:33:10","modified_gmt":"2016-10-04T17:33:10","slug":"corinthians-fecha-parceria-com-a-orange-futsalasti-da-italia","status":"publish","type":"post","link":"https:\/\/www.federacaopaulistadefutsal.com.br\/novo\/corinthians-fecha-parceria-com-a-orange-futsalasti-da-italia\/","title":{"rendered":"Corinthians fecha parceria com a Orange Futsal\/Asti, da It\u00e1lia"},"content":{"rendered":"<p>O futsal do Sport Club Corinthian\u00ad\u00ads Paulista fechou, em mais uma a\u00e7\u00e3o internacional, uma parceria com a <strong>Orange Futsal<\/strong>, equipe italiana da cidade de Asti. O acordo consiste em um interc\u00e2mbio de atletas italianos, das categorias Sub-14 a Sub-21, que vir\u00e3o ao Brasil e vivenciar\u00e3o por um per\u00edodo de 15 dias as mesmas rotinas dos atletas do Parque S\u00e3o Jorge.<br \/>\nDa mesma maneira que est\u00e1 prevista a vinda de profissionais italianos para o clube, profissionais do Corinthians tamb\u00e9m ir\u00e3o \u00e0 It\u00e1lia para um per\u00edodo de interc\u00e2mbio. A troca tem como objetivo promover o desenvolvimento t\u00e9cnico-desportivo na modalidade. Havendo interesse de ambas as partes, poder\u00e1 ser acordada a disputa de torneio ou amistoso entre as equipes, no Brasil ou na It\u00e1lia.<br \/>\nCom aproximadamente 200 jovens inscritos em suas categorias, o Orange Futsal\/Asti sempre zelou pelo crescimento dos jovens, melhorando a qualidade dos servi\u00e7os e oferecendo instrutores qualificados, estruturas id\u00f4neas e metodologia apropriada. Tudo isso fez com que o Orange conquistasse uma posi\u00e7\u00e3o importante no cen\u00e1rio nacional, conquistando a Copa It\u00e1lia Sub-21 em 2013 e o campeonato nacional Sub-16 deste ano.<br \/>\nGianclaudio Giovannone, presidente do Orange Futsal\/Asti, manifestou sua satisfa\u00e7\u00e3o pelo in\u00e9dito acordo internacional.<br \/>\n\u201c<em>Na vis\u00e3o de um crescimento constante, nesta temporada, o Orange Futsal pensou em criar uma importante colabora\u00e7\u00e3o internacional para fazer conhecer aos pr\u00f3prios atletas a realidade brasileira, na\u00e7\u00e3o do futsal. A escolha n\u00e3o poderia ser outra, o clube que mais representa o Brasil por sua hist\u00f3ria, seu bras\u00e3o, organiza\u00e7\u00e3o e seriedade, o Corinthians. Gra\u00e7as aos nossos dois hist\u00f3ricos treinadores Edu Dias e Davi Alves, que intermediaram a negocia\u00e7\u00e3o, Orange e Corinthians, chegaram a um acordo que possibilitar\u00e1 os nossos jovens jogadores e instrutores, de irem ao Brasil para viver o cotidiano da \u201cvida corinthiana\u201d, treinando com suas respectivas categorias brasileiras, podendo observar e aprender dos instrutores do Corinthians nas estruturas f\u00edsicas disponibilizadas pelo clube. Igualmente, instrutores e dirigentes do Corinthians, ser\u00e3o recebidos na It\u00e1lia para conhecer a estrutura do Orange e para um interc\u00e2mbio cultural e esportivo muito importante. Escolhi o Corinthians porque o meu \u00eddolo Ayrton Senna era um grande torcedor do clube e eu tenho a honra de ser o padrinho do \u201cInstituto Ayrton Senna\u201d na Europa, gra\u00e7as \u00e0 sua fam\u00edlia que amo, como se fosse a minha. Pessoalmente espero muito desta colabora\u00e7\u00e3o. Para os nossos jovens e nossos instrutores poder\u00e1 ser uma experi\u00eancia que acrescentar\u00e1 de maneira espetacular seus conhecimentos t\u00e9cnico-esportivo, mas, sobretudo humano, conhecendo uma cultura maravilhosa e podendo assistir e participar da metodologia de uma das institui\u00e7\u00f5es esportivas mais importantes do mundo. Espero que esse seja somente o primeiro ano de uma duradoura e produtiva colabora\u00e7\u00e3o<\/em>\u201d, disse.<br \/>\nAdilson Mendes, diretor de Esportes Terrestres do Corinthians, tamb\u00e9m falou sobre a a\u00e7\u00e3o internacional firmada com o Orange.<br \/>\n\u201c<em>Esta \u00e9 mais uma conquista do projeto de futsal do Sport Club Corinthians Paulista. Acreditamos que as parcerias firmadas com clubes internacionais s\u00e3o fundamentais para o crescimento da modalidade dentro do clube e fora dele tamb\u00e9m. O interc\u00e2mbio dos jogadores, tanto dos atletas do Orange Futsal que vir\u00e3o ao Parque S\u00e3o Jorge, quanto dos corinthianos que ir\u00e3o \u00e0 It\u00e1lia para vivenciar o esporte no pa\u00eds europeu, agrega e muito na experi\u00eancia t\u00e9cnica-desportiva individual e coletiva. Al\u00e9m disso, o projeto propicia aos atletas um interc\u00e2mbio cultural fundamental para a forma\u00e7\u00e3o humana e de car\u00e1ter pessoal. Na condi\u00e7\u00e3o de diretor de esportes, fico satisfeito com o fechamento desse acordo e esperan\u00e7oso que trar\u00e1 benef\u00edcios a todos os envolvidos. Isto demonstra que o nosso projeto de futsal \u00e9 inovador, despertando interesses e se destacando no cen\u00e1rio internacional. Tenho certeza que o futsal do Corinthians est\u00e1 no caminho certo<\/em>\u201d, declarou.<br \/>\nPioneirismo, interatividade e o interc\u00e2mbio de informa\u00e7\u00f5es s\u00e3o alguns dos valores dessa a\u00e7\u00e3o internacional, que evidencia a excel\u00eancia do projeto de futsal do Corinthians no aspecto t\u00e9cnico e de gest\u00e3o, tendo as categorias de base do futsal alvinegro importante contribui\u00e7\u00e3o para a forma\u00e7\u00e3o de diversos atletas para o futsal e futebol mundial.<br \/>\n&nbsp;<br \/>\n<strong>Por:<\/strong> Assessoria FPFS<br \/>\n<strong>Com informa\u00e7\u00f5es \/Foto:<\/strong> Assessoria do Clube<\/p>\n","protected":false},"excerpt":{"rendered":"<p>O futsal do Sport Club Corinthian\u00ad\u00ads Paulista fechou, em mais uma a\u00e7\u00e3o internacional, uma parceria com a Orange Futsal, equipe<\/p>\n","protected":false},"author":1,"featured_media":13812,"comment_status":"closed","ping_status":"open","sticky":false,"template":"","format":"standard","meta":{"footnotes":""},"categories":[23,25,8,11,30,31,32,33],"tags":[1151,1785,2153,2458],"class_list":["post-13811","post","type-post","status-publish","format-standard","has-post-thumbnail","hentry","category-copa-paulista","category-destaques","category-estadual-base-a1","category-estadual-sub-20","category-liga-nacional-de-futsal","category-liga-paulista-de-futsal","category-maiores","category-menores","tag-futsal-paulista","tag-orange-futsal","tag-s-c-corinthians-paulista","tag-timao-futsal"],"_links":{"self":[{"href":"https:\/\/www.federacaopaulistadefutsal.com.br\/novo\/wp-json\/wp\/v2\/posts\/13811","targetHints":{"allow":["GET"]}}],"collection":[{"href":"https:\/\/www.federacaopaulistadefutsal.com.br\/novo\/wp-json\/wp\/v2\/posts"}],"about":[{"href":"https:\/\/www.federacaopaulistadefutsal.com.br\/novo\/wp-json\/wp\/v2\/types\/post"}],"author":[{"embeddable":true,"href":"https:\/\/www.federacaopaulistadefutsal.com.br\/novo\/wp-json\/wp\/v2\/users\/1"}],"replies":[{"embeddable":true,"href":"https:\/\/www.federacaopaulistadefutsal.com.br\/novo\/wp-json\/wp\/v2\/comments?post=13811"}],"version-history":[{"count":0,"href":"https:\/\/www.federacaopaulistadefutsal.com.br\/novo\/wp-json\/wp\/v2\/posts\/13811\/revisions"}],"wp:featuredmedia":[{"embeddable":true,"href":"https:\/\/www.federacaopaulistadefutsal.com.br\/novo\/wp-json\/"}],"wp:attachment":[{"href":"https:\/\/www.federacaopaulistadefutsal.com.br\/novo\/wp-json\/wp\/v2\/media?parent=13811"}],"wp:term":[{"taxonomy":"category","embeddable":true,"href":"https:\/\/www.federacaopaulistadefutsal.com.br\/novo\/wp-json\/wp\/v2\/categories?post=13811"},{"taxonomy":"post_tag","embeddable":true,"href":"https:\/\/www.federacaopaulistadefutsal.com.br\/novo\/wp-json\/wp\/v2\/tags?post=13811"}],"curies":[{"name":"wp","href":"https:\/\/api.w.org\/{rel}","templated":true}]}}