{"id":13830,"date":"2016-10-04T21:23:32","date_gmt":"2016-10-04T21:23:32","guid":{"rendered":"http:\/\/www.federacaopaulistadefutsal.com.br\/?p=13830"},"modified":"2016-10-04T21:23:32","modified_gmt":"2016-10-04T21:23:32","slug":"presidente-da-fpfs-recebe-visita-cortesia-de-membros-da-aofs-do-rio-de-janeiro","status":"publish","type":"post","link":"https:\/\/www.federacaopaulistadefutsal.com.br\/novo\/presidente-da-fpfs-recebe-visita-cortesia-de-membros-da-aofs-do-rio-de-janeiro\/","title":{"rendered":"Presidente da FPFS recebe visita cortesia de membros da AOFS do Rio de Janeiro"},"content":{"rendered":"<p><a href=\"http:\/\/www.federacaopaulistadefutsal.com.br\/wp-content\/uploads\/2016\/10\/02.jpg\"><img fetchpriority=\"high\" decoding=\"async\" class=\"aligncenter size-full wp-image-13831\" src=\"http:\/\/www.federacaopaulistadefutsal.com.br\/wp-content\/uploads\/2016\/10\/02.jpg\" alt=\"Visita Cortesia_AOFSRJ\" width=\"1000\" height=\"701\" \/><\/a><br \/>\nNa tarde\u00a0desta ter\u00e7a-feira, 04\/10, o presidente da <strong>FPFS &#8211;\u00a0Federa\u00e7\u00e3o Paulista de Futsal<\/strong>, Nilton Cifuentes Rom\u00e3o (Ramon), acompanhado pelos Diretores do Depto. de Oficiais de Arbitragem, Sr. Valdir Teixeira Filho e Sra. Marcia Mariko, recebeu a presen\u00e7a dos Srs. Alexandre Pacheco\u00a0e Elson Taveres, ambos membro da <strong>AOFSRJ &#8211; Associa\u00e7\u00e3o dos Oficiais de Arbitragem de Futebol de Sal\u00e3o do Estado do Rio de Janeiro<\/strong>.<br \/>\n<a href=\"http:\/\/www.federacaopaulistadefutsal.com.br\/wp-content\/uploads\/2016\/10\/01.jpg\"><img decoding=\"async\" class=\"aligncenter size-full wp-image-13832\" src=\"http:\/\/www.federacaopaulistadefutsal.com.br\/wp-content\/uploads\/2016\/10\/01.jpg\" alt=\"Visita Cortesia_AOFSRJ_Convite\" width=\"1000\" height=\"668\" \/><\/a><br \/>\nNo encontro, o presidente Ramon recebeu o convite dos membros da AOFSRJ para abertura do <strong>XVIII Congresso Nacional de Arbitragem de Futsal<\/strong>. O evento ser\u00e1 realizado no per\u00edodo de 27 \u00e0 29 de Janeiro de 2017, na famosa Barra da Tijuca, na cidade do Rio de Janeiro.<br \/>\n<strong>Por:<\/strong> Assessoria FPFS<\/p>\n","protected":false},"excerpt":{"rendered":"<p>Na tarde\u00a0desta ter\u00e7a-feira, 04\/10, o presidente da FPFS &#8211;\u00a0Federa\u00e7\u00e3o Paulista de Futsal, Nilton Cifuentes Rom\u00e3o (Ramon), acompanhado pelos Diretores do<\/p>\n","protected":false},"author":1,"featured_media":0,"comment_status":"closed","ping_status":"open","sticky":false,"template":"","format":"standard","meta":{"footnotes":""},"categories":[25,28],"tags":[],"class_list":["post-13830","post","type-post","status-publish","format-standard","hentry","category-destaques","category-fpfs-acontece"],"_links":{"self":[{"href":"https:\/\/www.federacaopaulistadefutsal.com.br\/novo\/wp-json\/wp\/v2\/posts\/13830","targetHints":{"allow":["GET"]}}],"collection":[{"href":"https:\/\/www.federacaopaulistadefutsal.com.br\/novo\/wp-json\/wp\/v2\/posts"}],"about":[{"href":"https:\/\/www.federacaopaulistadefutsal.com.br\/novo\/wp-json\/wp\/v2\/types\/post"}],"author":[{"embeddable":true,"href":"https:\/\/www.federacaopaulistadefutsal.com.br\/novo\/wp-json\/wp\/v2\/users\/1"}],"replies":[{"embeddable":true,"href":"https:\/\/www.federacaopaulistadefutsal.com.br\/novo\/wp-json\/wp\/v2\/comments?post=13830"}],"version-history":[{"count":0,"href":"https:\/\/www.federacaopaulistadefutsal.com.br\/novo\/wp-json\/wp\/v2\/posts\/13830\/revisions"}],"wp:attachment":[{"href":"https:\/\/www.federacaopaulistadefutsal.com.br\/novo\/wp-json\/wp\/v2\/media?parent=13830"}],"wp:term":[{"taxonomy":"category","embeddable":true,"href":"https:\/\/www.federacaopaulistadefutsal.com.br\/novo\/wp-json\/wp\/v2\/categories?post=13830"},{"taxonomy":"post_tag","embeddable":true,"href":"https:\/\/www.federacaopaulistadefutsal.com.br\/novo\/wp-json\/wp\/v2\/tags?post=13830"}],"curies":[{"name":"wp","href":"https:\/\/api.w.org\/{rel}","templated":true}]}}