{"id":13860,"date":"2016-10-06T15:59:53","date_gmt":"2016-10-06T15:59:53","guid":{"rendered":"http:\/\/www.federacaopaulistadefutsal.com.br\/?p=13860"},"modified":"2016-10-06T15:59:53","modified_gmt":"2016-10-06T15:59:53","slug":"o-foco-total-e-para-o-umuarama-afirma-o-preparador-fisico-do-timao","status":"publish","type":"post","link":"https:\/\/www.federacaopaulistadefutsal.com.br\/novo\/o-foco-total-e-para-o-umuarama-afirma-o-preparador-fisico-do-timao\/","title":{"rendered":"\u201cO foco total \u00e9 para o Umuarama\u201d, afirma o preparador f\u00edsico do Tim\u00e3o"},"content":{"rendered":"<p>Ap\u00f3s a inter temporada no interior do Paran\u00e1, onde realizou alguns jogos amistosos, o elenco principal do Corinthians treina forte de olho nos play-offs da <strong>LNF<\/strong> (Liga Nacional de Futsal), e no jogo de volta das semifinais da LPF (Liga Paulista de Futsal). Na primeira partida, em Guaratinguet\u00e1 (Vale do Para\u00edba), o Tim\u00e3o saiu na frente, ao vencer por 4 x 1.<br \/>\nSem pausa para descanso, o Corinthians ter\u00e1 uma sequ\u00eancia de tr\u00eas partidas, agendadas para os dias 8, 14 e 17 de outubro. A estreia nos play-offs da <strong>LNF<\/strong> acontece nesta sexta-feira (8), \u00e0s 21h, contra o Umuarama (PR), fora de casa:<\/p>\n<blockquote><p><a href=\"http:\/\/www.federacaopaulistadefutsal.com.br\/wp-content\/uploads\/2016\/10\/IMG_8019.jpg\"><img decoding=\"async\" class=\"alignleft wp-image-13862 size-thumbnail\" src=\"http:\/\/www.federacaopaulistadefutsal.com.br\/wp-content\/uploads\/2016\/10\/IMG_8019-150x150.jpg\" alt=\"IMG_8019\" width=\"150\" height=\"150\" \/><\/a>\u201cO foco total \u00e9 para o Umuarama, e os treinamentos foram desenvolvidos em cima desse pensamento:<br \/>\nDa parte f\u00edsica, estamos em fase de manuten\u00e7\u00e3o do adquirido. Como n\u00e3o temos mais volumes nos treinamentos, a ideia \u00e9 realizar\u00a0 trabalhos pontuais e individualizados, a fim de n\u00e3o ocorrer uma sobrecarga\u201d, explicou o preparador f\u00edsico, Juninho.<br \/>\nJuninho tamb\u00e9m afirma que analisar o desempenho dos atletas e tomar as precau\u00e7\u00f5es necess\u00e1rias, s\u00e3o a\u00e7\u00f5es fundamentais para que os atletas cheguem o melhor n\u00edvel poss\u00edvel.<br \/>\n\u201cEstamos com \u00f3tima intensidade nos treinamentos, e a ideia \u00e9 de transporta o que estamos fazendo para os jogos\u201d, encerrou.<\/p><\/blockquote>\n<p>Por: Assessoria FPFS<br \/>\nCom informa\u00e7\u00f5es: Futsal Em Pauta<br \/>\nFoto: Divulga\u00e7\u00e3o<\/p>\n","protected":false},"excerpt":{"rendered":"<p>Ap\u00f3s a inter temporada no interior do Paran\u00e1, onde realizou alguns jogos amistosos, o elenco principal do Corinthians treina forte<\/p>\n","protected":false},"author":1,"featured_media":13861,"comment_status":"closed","ping_status":"open","sticky":false,"template":"","format":"standard","meta":{"footnotes":""},"categories":[30,32],"tags":[735,1524,1546,2458],"class_list":["post-13860","post","type-post","status-publish","format-standard","has-post-thumbnail","hentry","category-liga-nacional-de-futsal","category-maiores","tag-corinthians-futsal","tag-liga-nacional-de-futsal","tag-lnf","tag-timao-futsal"],"_links":{"self":[{"href":"https:\/\/www.federacaopaulistadefutsal.com.br\/novo\/wp-json\/wp\/v2\/posts\/13860","targetHints":{"allow":["GET"]}}],"collection":[{"href":"https:\/\/www.federacaopaulistadefutsal.com.br\/novo\/wp-json\/wp\/v2\/posts"}],"about":[{"href":"https:\/\/www.federacaopaulistadefutsal.com.br\/novo\/wp-json\/wp\/v2\/types\/post"}],"author":[{"embeddable":true,"href":"https:\/\/www.federacaopaulistadefutsal.com.br\/novo\/wp-json\/wp\/v2\/users\/1"}],"replies":[{"embeddable":true,"href":"https:\/\/www.federacaopaulistadefutsal.com.br\/novo\/wp-json\/wp\/v2\/comments?post=13860"}],"version-history":[{"count":0,"href":"https:\/\/www.federacaopaulistadefutsal.com.br\/novo\/wp-json\/wp\/v2\/posts\/13860\/revisions"}],"wp:featuredmedia":[{"embeddable":true,"href":"https:\/\/www.federacaopaulistadefutsal.com.br\/novo\/wp-json\/"}],"wp:attachment":[{"href":"https:\/\/www.federacaopaulistadefutsal.com.br\/novo\/wp-json\/wp\/v2\/media?parent=13860"}],"wp:term":[{"taxonomy":"category","embeddable":true,"href":"https:\/\/www.federacaopaulistadefutsal.com.br\/novo\/wp-json\/wp\/v2\/categories?post=13860"},{"taxonomy":"post_tag","embeddable":true,"href":"https:\/\/www.federacaopaulistadefutsal.com.br\/novo\/wp-json\/wp\/v2\/tags?post=13860"}],"curies":[{"name":"wp","href":"https:\/\/api.w.org\/{rel}","templated":true}]}}