{"id":14069,"date":"2016-10-19T20:38:31","date_gmt":"2016-10-19T20:38:31","guid":{"rendered":"http:\/\/www.federacaopaulistadefutsal.com.br\/?p=14069"},"modified":"2016-10-19T20:38:31","modified_gmt":"2016-10-19T20:38:31","slug":"semifinal-entre-aabb-x-magnus-tem-preliminar-com-futsal-down","status":"publish","type":"post","link":"https:\/\/www.federacaopaulistadefutsal.com.br\/novo\/semifinal-entre-aabb-x-magnus-tem-preliminar-com-futsal-down\/","title":{"rendered":"Semifinal entre AABB x Magnus tem preliminar com Futsal Down"},"content":{"rendered":"<p>A primeira partida v\u00e1lida pelas semifinais da LPF entre AABB\/Mapfre x Magnus Futsal, teve outras atra\u00e7\u00f5es. Quem foi ao gin\u00e1sio da AABB (zona sul de SP), na noite desta ter\u00e7a-feira (18), viu, al\u00e9m de um grande jogo, com placar final de 4 x 4, uma justa homenagem ao goleiro da AABB\/Mapfre Bag\u00e9, que em 2017 completa 50 anos e um cl\u00e1ssico preliminar, envolvendo atletas do Santos e Corinthians, portadores da S\u00edndrome de Down.<br \/>\n<figure id=\"attachment_14070\" aria-describedby=\"caption-attachment-14070\" style=\"width: 5184px\" class=\"wp-caption aligncenter\"><a href=\"http:\/\/www.federacaopaulistadefutsal.com.br\/wp-content\/uploads\/2016\/10\/IMG_3647.jpg\"><img fetchpriority=\"high\" decoding=\"async\" class=\"wp-image-14070 size-full\" src=\"http:\/\/www.federacaopaulistadefutsal.com.br\/wp-content\/uploads\/2016\/10\/IMG_3647.jpg\" alt=\"Bag\u00e9, goleiro da AABB\/MAPFRE \u00e9 homenageado Foto: Ewerton Araujo\/FPFS\" width=\"5184\" height=\"3456\" \/><\/a><figcaption id=\"caption-attachment-14070\" class=\"wp-caption-text\">Luis Henrique Silveira Couto (Bag\u00e9), goleiro da AABB\/MAPFRE \u00e9 homenageado pela LPF Foto: Ewerton Araujo\/FPFS<\/figcaption><\/figure><br \/>\n&nbsp;<br \/>\nA iniciativa tamb\u00e9m faz parte de um projeto, o qual tem como meta, arrecadar fundos para que a sele\u00e7\u00e3o brasileira de futsal down viaje para o Portugal, onde em abril do pr\u00f3ximo ano, acontece a quinta edi\u00e7\u00e3o do Campeonato Mundial da Modalidade.<br \/>\nE de acordo com a ABDEM (Associa\u00e7\u00e3o Brasileira de Desportos para Deficientes Intelectuais), um dos objetivos tamb\u00e9m, \u00e9 oficializar junto \u00e0 LPF (Liga Paulista de Futsal), uma parceria para a fomenta\u00e7\u00e3o do \u2018futsal down\u2019 e assim, tornar poss\u00edvel este sonho em representar o nosso pa\u00eds<br \/>\nO custo total para que o Brasil possa participar desta competi\u00e7\u00e3o \u00e9 de R$ 290, 214 (passagens a\u00e9reas, alimenta\u00e7\u00e3o, hospedagem e taxas de inscri\u00e7\u00f5es. O valor citado n\u00e3o inclui materiais esportivos e per\u00edodo de treinamento).<br \/>\nMais informa\u00e7\u00f5es:<br \/>\n<a href=\"http:\/\/www.inas.org.br\/\">www.inas.org.br<br \/>\n<\/a><a href=\"http:\/\/www.su-ds.org\/\">www.su-ds.org<\/a><br \/>\n&nbsp;<br \/>\nCom informa\u00e7\u00f5es: Futsal Em Pauta<\/p>\n","protected":false},"excerpt":{"rendered":"<p>A primeira partida v\u00e1lida pelas semifinais da LPF entre AABB\/Mapfre x Magnus Futsal, teve outras atra\u00e7\u00f5es. Quem foi ao gin\u00e1sio<\/p>\n","protected":false},"author":1,"featured_media":14071,"comment_status":"closed","ping_status":"open","sticky":false,"template":"","format":"standard","meta":{"footnotes":""},"categories":[25,28,31],"tags":[],"class_list":["post-14069","post","type-post","status-publish","format-standard","has-post-thumbnail","hentry","category-destaques","category-fpfs-acontece","category-liga-paulista-de-futsal"],"_links":{"self":[{"href":"https:\/\/www.federacaopaulistadefutsal.com.br\/novo\/wp-json\/wp\/v2\/posts\/14069","targetHints":{"allow":["GET"]}}],"collection":[{"href":"https:\/\/www.federacaopaulistadefutsal.com.br\/novo\/wp-json\/wp\/v2\/posts"}],"about":[{"href":"https:\/\/www.federacaopaulistadefutsal.com.br\/novo\/wp-json\/wp\/v2\/types\/post"}],"author":[{"embeddable":true,"href":"https:\/\/www.federacaopaulistadefutsal.com.br\/novo\/wp-json\/wp\/v2\/users\/1"}],"replies":[{"embeddable":true,"href":"https:\/\/www.federacaopaulistadefutsal.com.br\/novo\/wp-json\/wp\/v2\/comments?post=14069"}],"version-history":[{"count":0,"href":"https:\/\/www.federacaopaulistadefutsal.com.br\/novo\/wp-json\/wp\/v2\/posts\/14069\/revisions"}],"wp:featuredmedia":[{"embeddable":true,"href":"https:\/\/www.federacaopaulistadefutsal.com.br\/novo\/wp-json\/"}],"wp:attachment":[{"href":"https:\/\/www.federacaopaulistadefutsal.com.br\/novo\/wp-json\/wp\/v2\/media?parent=14069"}],"wp:term":[{"taxonomy":"category","embeddable":true,"href":"https:\/\/www.federacaopaulistadefutsal.com.br\/novo\/wp-json\/wp\/v2\/categories?post=14069"},{"taxonomy":"post_tag","embeddable":true,"href":"https:\/\/www.federacaopaulistadefutsal.com.br\/novo\/wp-json\/wp\/v2\/tags?post=14069"}],"curies":[{"name":"wp","href":"https:\/\/api.w.org\/{rel}","templated":true}]}}