{"id":14138,"date":"2016-10-25T14:07:16","date_gmt":"2016-10-25T14:07:16","guid":{"rendered":"http:\/\/www.federacaopaulistadefutsal.com.br\/?p=14138"},"modified":"2016-10-25T14:07:16","modified_gmt":"2016-10-25T14:07:16","slug":"bage-recebe-homenagem-de-falcao-apos-partida-entre-magnus-x-aabb","status":"publish","type":"post","link":"https:\/\/www.federacaopaulistadefutsal.com.br\/novo\/bage-recebe-homenagem-de-falcao-apos-partida-entre-magnus-x-aabb\/","title":{"rendered":"Bag\u00e9 recebe homenagem de Falc\u00e3o ap\u00f3s partida entre Magnus x AABB"},"content":{"rendered":"<p style=\"text-align: justify; vertical-align: baseline; margin: 0cm 0cm 11.25pt 0cm;\"><span style=\"font-size: 10.5pt; font-family: 'Helvetica','sans-serif'; color: #444444;\">Campe\u00f5es do mundo em \u00e9pocas diferentes, mas uma amizade sincera e duradoura. Assim se define a rela\u00e7\u00e3o entre o ala Falc\u00e3o, do Magnus Futsal e o goleiro Bag\u00e9, da AABB\/Mapfre. Com 10 anos de diferen\u00e7a (Bag\u00e9 completou 49 recentemente), e muita hist\u00f3ria para contar, ambos se reencontraram durante as semifinais da LPF (Liga Paulista de Futsal), em que Falc\u00e3o levou a melhor, ao vencer o segundo duelo por 1 x 0, nesta segunda-feira (24), em Sorocaba (SP).<\/span><\/p>\n<p style=\"text-align: justify; vertical-align: baseline; background-image: initial; background-position: initial; background-size: initial; background-repeat: initial; background-origin: initial; background-clip: initial; margin: 0cm 0cm 11.25pt 0cm;\"><span style=\"font-size: 10.5pt; font-family: 'Helvetica','sans-serif'; color: #444444;\">Ao final da partida, Falc\u00e3o presentou o \u2018Highlander\u2019 do futsal com uma camisa da sele\u00e7\u00e3o brasileira autografada, al\u00e9m da bola do jogo. Na\u00a0 dedicat\u00f3ria, Falc\u00e3o escreveu \u2018Ao meu irm\u00e3o Bag\u00e9, um forte abra\u00e7o, Fal\u00e7\u00e3o 12\u2019:<\/span><\/p>\n<p style=\"text-align: justify; vertical-align: baseline; background-image: initial; background-position: initial; background-size: initial; background-repeat: initial; background-origin: initial; background-clip: initial; margin: 0cm 0cm 11.25pt 0cm;\"><span style=\"font-size: 10.5pt; font-family: 'Helvetica','sans-serif'; color: #444444;\">\u201c<em>\u00c9 desta maneira que trato o Bag\u00e9. Como irm\u00e3o. Um cara do bem, um excelente profissional que conheci na \u00e9poca em que eu jogava no S\u00e3o Paulo. Confesso que achei que ele (Bag\u00e9), estaria encerrando a carreira. Mas me enganei. Treinava e corria mais que todos. Era o primeiro a chegar e o \u00faltimo a sai<\/em>r\u201d, relembra.<\/span><\/p>\n<p style=\"text-align: justify; vertical-align: baseline; background-image: initial; background-position: initial; background-size: initial; background-repeat: initial; background-origin: initial; background-clip: initial; margin: 0cm 0cm 11.25pt 0cm;\"><span style=\"font-size: 10.5pt; font-family: 'Helvetica','sans-serif'; color: #444444;\">Emocionado, Bag\u00e9 retribuiu as palavras do eterno melhor do mundo: \u201c<em>Poxa, eu sou \u2018manteiga derretida<\/em>\u2019. <em>Vindo desse cara ai, me sento honrado e tenho orgulho em t\u00ea-lo como amigo<\/em>\u201d, agradeceu.<\/span><\/p>\n<p style=\"text-align: justify; vertical-align: baseline; background-image: initial; background-position: initial; background-size: initial; background-repeat: initial; background-origin: initial; background-clip: initial; margin: 0cm 0cm 11.25pt 0cm;\"><span style=\"font-size: 10.5pt; font-family: 'Helvetica','sans-serif'; color: #444444;\">As homenagens ao goleiro fazem parte de um projeto idealizado pela LPF, o qual celebra os 49 anos do atleta. A iniciativa conta com um DVD relatando a trajet\u00f3ria de Bag\u00e9, depoimentos de amigos e ex-atletas, al\u00e9m de imagens exclusivas.<\/span><\/p>\n<p style=\"text-align: justify; vertical-align: baseline; background-image: initial; background-position: initial; background-size: initial; background-repeat: initial; background-origin: initial; background-clip: initial; margin: 0cm 0cm 11.25pt 0cm;\"><span style=\"font-size: 10.5pt; font-family: 'Helvetica','sans-serif'; color: #444444;\">Con informa\u00e7\u00f5es: Futsal em Pauta<br \/>\nFoto: Haroldo Rodrigues<\/span><\/p>\n","protected":false},"excerpt":{"rendered":"<p>Campe\u00f5es do mundo em \u00e9pocas diferentes, mas uma amizade sincera e duradoura. Assim se define a rela\u00e7\u00e3o entre o ala<\/p>\n","protected":false},"author":1,"featured_media":14139,"comment_status":"closed","ping_status":"open","sticky":false,"template":"","format":"standard","meta":{"footnotes":""},"categories":[25,31,32],"tags":[],"class_list":["post-14138","post","type-post","status-publish","format-standard","has-post-thumbnail","hentry","category-destaques","category-liga-paulista-de-futsal","category-maiores"],"_links":{"self":[{"href":"https:\/\/www.federacaopaulistadefutsal.com.br\/novo\/wp-json\/wp\/v2\/posts\/14138","targetHints":{"allow":["GET"]}}],"collection":[{"href":"https:\/\/www.federacaopaulistadefutsal.com.br\/novo\/wp-json\/wp\/v2\/posts"}],"about":[{"href":"https:\/\/www.federacaopaulistadefutsal.com.br\/novo\/wp-json\/wp\/v2\/types\/post"}],"author":[{"embeddable":true,"href":"https:\/\/www.federacaopaulistadefutsal.com.br\/novo\/wp-json\/wp\/v2\/users\/1"}],"replies":[{"embeddable":true,"href":"https:\/\/www.federacaopaulistadefutsal.com.br\/novo\/wp-json\/wp\/v2\/comments?post=14138"}],"version-history":[{"count":0,"href":"https:\/\/www.federacaopaulistadefutsal.com.br\/novo\/wp-json\/wp\/v2\/posts\/14138\/revisions"}],"wp:featuredmedia":[{"embeddable":true,"href":"https:\/\/www.federacaopaulistadefutsal.com.br\/novo\/wp-json\/"}],"wp:attachment":[{"href":"https:\/\/www.federacaopaulistadefutsal.com.br\/novo\/wp-json\/wp\/v2\/media?parent=14138"}],"wp:term":[{"taxonomy":"category","embeddable":true,"href":"https:\/\/www.federacaopaulistadefutsal.com.br\/novo\/wp-json\/wp\/v2\/categories?post=14138"},{"taxonomy":"post_tag","embeddable":true,"href":"https:\/\/www.federacaopaulistadefutsal.com.br\/novo\/wp-json\/wp\/v2\/tags?post=14138"}],"curies":[{"name":"wp","href":"https:\/\/api.w.org\/{rel}","templated":true}]}}