{"id":14249,"date":"2016-11-08T20:32:46","date_gmt":"2016-11-08T20:32:46","guid":{"rendered":"http:\/\/www.federacaopaulistadefutsal.com.br\/?p=14249"},"modified":"2016-11-08T20:32:46","modified_gmt":"2016-11-08T20:32:46","slug":"pompeia-futsal-pronta-a-despedida-de-mais-uma-temporada-de-sucesso-e-fim-do-ciclo-vitorioso-de-milton-vaz","status":"publish","type":"post","link":"https:\/\/www.federacaopaulistadefutsal.com.br\/novo\/pompeia-futsal-pronta-a-despedida-de-mais-uma-temporada-de-sucesso-e-fim-do-ciclo-vitorioso-de-milton-vaz\/","title":{"rendered":"Pomp\u00e9ia Futsal, pronta a despedida de mais uma temporada de sucesso e fim do ciclo vitorioso de Milton Vaz."},"content":{"rendered":"<p class=\"font8\"><span class=\"transparent\">O Pompeia Futsal realizar\u00e1 nesse pr\u00f3ximo dia 10\/11 sua \u00faltima apresenta\u00e7\u00e3o frente ao seu p\u00fablico na Arena Pomp\u00e9ia contra a equipe de Bauru. A partida \u00e9 valida pela Copa Paulista de futsal e a equipe de Pomp\u00e9ia encerra sua participa\u00e7\u00e3o in\u00e9dita na elite do futsal em grande estilo frente seu maior rival na temporada, fazendo seus torcedores relembrar todas as temporadas de sucessos e conquistas da equipe comandada pelo t\u00e9cnico Prof. Milton Vaz que deixaram honrosas marcas hist\u00f3ricas para o futsal do clube e da cidade Pomp\u00e9ia.<\/span><\/p>\n<p class=\"font8\"><span class=\"transparent\">Pomp\u00e9ia e Bauru j\u00e1 se enfrentaram seis vezes na temporada, onde Pomp\u00e9ia venceu tr\u00eas vezes, Bauru apenas uma e mais dois empates. Esse \u00faltimo confronto promete grandes emo\u00e7\u00f5es como sempre, pois Bauru tentar\u00e1 diminuir a vantagem e Pomp\u00e9ia de confirmar ainda mais seu favoritismo no derby nessa temporada, podendo contar com o incentivo de seu pr\u00f3prio p\u00fablico nessa \u00faltima ocasi\u00e3o na cidade de Pomp\u00e9ia.<\/span><\/p>\n<p class=\"font8\"><span class=\"transparent\">Em tr\u00eas temporadas de extremo sucesso sob comando do treinador, a equipe de Pomp\u00e9ia colecionou in\u00fameros t\u00edtulos e conquistas para a cidade. Em sua primeira temporada em 2005 a cidade teve a abertura para sua primeira participa\u00e7\u00e3o em jogos oficiais organizados pela Federa\u00e7\u00e3o Paulista de Futebol de Sal\u00e3o e j\u00e1 em sua estr\u00e9ia classificou a equipe aos play-offs do certame, ainda sendo finalista da Copa TvTem e Jogos Regionais no mesmo ano. Com tal sucesso os integrantes do elenco tiveram abertura para v\u00e1rias experi\u00eancias no exterior atuando em pa\u00edses como It\u00e1lia, Fran\u00e7a, Espanha e outros. Foi necess\u00e1rio ent\u00e3o amargurar pesados 10 anos sem t\u00edtulos expressivos. Em 2015 com a reativa\u00e7\u00e3o do projeto o Pomp\u00e9ia Futsal conquistou os Jogos Regionais, a Copa Record e Supercopa da Record, foi finalista pela primeira vez na hist\u00f3ria dos Jogos abertos do Interior e ainda em sua segunda participa\u00e7\u00e3o chegou as quartas de finais da FPFS. Com tanto \u00eaxito e conquistas nada mais justo que a presen\u00e7a do Pomp\u00e9ia Futsal na elite do futsal paulista, ent\u00e3o em 2016 j\u00e1 tamb\u00e9m em sua primeira participa\u00e7\u00e3o na Liga Paulista de Futsal classificou honrosamente aos play-offs da competi\u00e7\u00e3o e, ainda foi campe\u00e3 da Copa TvTem e Copa Record de Futsal. Com toda competitividade demonstrada em todas competi\u00e7\u00f5es e partidas do mais alto n\u00edvel, na pr\u00f3xima quinta esse Pomp\u00e9ia Futsal se despedir\u00e1 de seu p\u00fablico com sabor de dever cumprido.<\/span><\/p>\n<p class=\"font8\"><span class=\"transparent\">Em palavras carregadas de emo\u00e7\u00e3o a nossa reda\u00e7\u00e3o Milton Vaz agradece todo incentivo e apoio recebido durante as temporadas pelos parceiros e torcedores. &#8220;Nesse momento n\u00e3o posso deixar de expressar minha enorme gratid\u00e3o por toda ajuda e colabora\u00e7\u00e3o que recebemos durante todo esse percurso cheio de desafios. Fomos indiscutivelmente vencedores, por todos obst\u00e1culos superados e objetivos atingidos. Agrade\u00e7o sobre tudo aos campe\u00f5es, todos atletas que pude contar e nos completou com grande parcela para todo nosso potencial. Encerro mais esse meu ciclo frente ao Pomp\u00e9ia Futsal honrado e agradecido.&#8221;\u00a0<\/span><\/p>\n<p class=\"font8\"><span class=\"transparent\">Para esse \u00faltimo cl\u00e1ssico regional a equipe de Pomp\u00e9ia poder\u00e1 contar ainda com o retorno de tr\u00eas atletas importantes para o setor ofensivo da equipe, trata-se do ala goleador Matheus e do piv\u00f4 Vitinho, que cumpriram suspens\u00e3o autom\u00e1tica contra Dracena ap\u00f3s serem anotadores dos gols em Bauru e serem expulsos por jogadas faltosas displicentes, e ainda o retorno do prata da casa frente a torcida pompeense, o piv\u00f4 Silvinho, que fez uma \u00f3tima atua\u00e7\u00e3o contra Dracena em seu retorno a equipe.<\/span><\/p>\n<p class=\"font8\"><span class=\"transparent\">Com informa\u00e7\u00f5es: Stampa Futsal.<\/span><\/p>\n","protected":false},"excerpt":{"rendered":"<p>O Pompeia Futsal realizar\u00e1 nesse pr\u00f3ximo dia 10\/11 sua \u00faltima apresenta\u00e7\u00e3o frente ao seu p\u00fablico na Arena Pomp\u00e9ia contra a<\/p>\n","protected":false},"author":1,"featured_media":14250,"comment_status":"closed","ping_status":"open","sticky":false,"template":"","format":"standard","meta":{"footnotes":""},"categories":[23,31,32],"tags":[],"class_list":["post-14249","post","type-post","status-publish","format-standard","has-post-thumbnail","hentry","category-copa-paulista","category-liga-paulista-de-futsal","category-maiores"],"_links":{"self":[{"href":"https:\/\/www.federacaopaulistadefutsal.com.br\/novo\/wp-json\/wp\/v2\/posts\/14249","targetHints":{"allow":["GET"]}}],"collection":[{"href":"https:\/\/www.federacaopaulistadefutsal.com.br\/novo\/wp-json\/wp\/v2\/posts"}],"about":[{"href":"https:\/\/www.federacaopaulistadefutsal.com.br\/novo\/wp-json\/wp\/v2\/types\/post"}],"author":[{"embeddable":true,"href":"https:\/\/www.federacaopaulistadefutsal.com.br\/novo\/wp-json\/wp\/v2\/users\/1"}],"replies":[{"embeddable":true,"href":"https:\/\/www.federacaopaulistadefutsal.com.br\/novo\/wp-json\/wp\/v2\/comments?post=14249"}],"version-history":[{"count":0,"href":"https:\/\/www.federacaopaulistadefutsal.com.br\/novo\/wp-json\/wp\/v2\/posts\/14249\/revisions"}],"wp:featuredmedia":[{"embeddable":true,"href":"https:\/\/www.federacaopaulistadefutsal.com.br\/novo\/wp-json\/"}],"wp:attachment":[{"href":"https:\/\/www.federacaopaulistadefutsal.com.br\/novo\/wp-json\/wp\/v2\/media?parent=14249"}],"wp:term":[{"taxonomy":"category","embeddable":true,"href":"https:\/\/www.federacaopaulistadefutsal.com.br\/novo\/wp-json\/wp\/v2\/categories?post=14249"},{"taxonomy":"post_tag","embeddable":true,"href":"https:\/\/www.federacaopaulistadefutsal.com.br\/novo\/wp-json\/wp\/v2\/tags?post=14249"}],"curies":[{"name":"wp","href":"https:\/\/api.w.org\/{rel}","templated":true}]}}