{"id":14259,"date":"2016-11-11T01:38:52","date_gmt":"2016-11-11T01:38:52","guid":{"rendered":"http:\/\/www.federacaopaulistadefutsal.com.br\/?p=14259"},"modified":"2016-11-11T01:38:52","modified_gmt":"2016-11-11T01:38:52","slug":"oitava-edicao-do-desafio-de-craques-sera-mais-uma-vez-no-abc-paulista","status":"publish","type":"post","link":"https:\/\/www.federacaopaulistadefutsal.com.br\/novo\/oitava-edicao-do-desafio-de-craques-sera-mais-uma-vez-no-abc-paulista\/","title":{"rendered":"Oitava edi\u00e7\u00e3o do Desafio de Craques ser\u00e1 mais uma vez no ABC Paulista"},"content":{"rendered":"<p>Pelo terceiro ano consecutivo, o \u2018Desafio de Craques por um Natal sem Fome\u2019 ser\u00e1 realizado em S\u00e3o Caetano do Sul (SP). Desta vez, o evento que chega \u00e0 oitava edi\u00e7\u00e3o, acontece no gin\u00e1sio das USCS (Universidade S\u00e3o Caetano do Sul), no pr\u00f3ximo dia 2 (sexta-feira),\u00a0 a partir das 19h30, com uma preliminar de futsal feminino.<br \/>\nNo masculino, feras como Tatu, Michael, Paulinho Japon\u00eas, Sinh\u00e1, Johnny, Rabisco, Pel\u00e9 Jr, Leandro Caires, \u00cdndio, dentre outros, t\u00eam presen\u00e7as praticamente garantidas.<br \/>\nPara assistir aos dois jogos, a entrada corresponde a um brinquedo em bom estado. A USCS fica na Avenida Goi\u00e1s, 3400, Bairro Barcelona, SCS, pr\u00f3ximo \u00e0 esta\u00e7\u00e3o Utinga da CPTM.<br \/>\n<strong>Apoio<\/strong>: Alameda 365, Claro, Atl\u00e9tica Geral USCS e Futsal em Pauta<\/p>\n","protected":false},"excerpt":{"rendered":"<p>Pelo terceiro ano consecutivo, o \u2018Desafio de Craques por um Natal sem Fome\u2019 ser\u00e1 realizado em S\u00e3o Caetano do Sul<\/p>\n","protected":false},"author":1,"featured_media":14260,"comment_status":"closed","ping_status":"open","sticky":false,"template":"","format":"standard","meta":{"footnotes":""},"categories":[25],"tags":[],"class_list":["post-14259","post","type-post","status-publish","format-standard","has-post-thumbnail","hentry","category-destaques"],"_links":{"self":[{"href":"https:\/\/www.federacaopaulistadefutsal.com.br\/novo\/wp-json\/wp\/v2\/posts\/14259","targetHints":{"allow":["GET"]}}],"collection":[{"href":"https:\/\/www.federacaopaulistadefutsal.com.br\/novo\/wp-json\/wp\/v2\/posts"}],"about":[{"href":"https:\/\/www.federacaopaulistadefutsal.com.br\/novo\/wp-json\/wp\/v2\/types\/post"}],"author":[{"embeddable":true,"href":"https:\/\/www.federacaopaulistadefutsal.com.br\/novo\/wp-json\/wp\/v2\/users\/1"}],"replies":[{"embeddable":true,"href":"https:\/\/www.federacaopaulistadefutsal.com.br\/novo\/wp-json\/wp\/v2\/comments?post=14259"}],"version-history":[{"count":0,"href":"https:\/\/www.federacaopaulistadefutsal.com.br\/novo\/wp-json\/wp\/v2\/posts\/14259\/revisions"}],"wp:featuredmedia":[{"embeddable":true,"href":"https:\/\/www.federacaopaulistadefutsal.com.br\/novo\/wp-json\/"}],"wp:attachment":[{"href":"https:\/\/www.federacaopaulistadefutsal.com.br\/novo\/wp-json\/wp\/v2\/media?parent=14259"}],"wp:term":[{"taxonomy":"category","embeddable":true,"href":"https:\/\/www.federacaopaulistadefutsal.com.br\/novo\/wp-json\/wp\/v2\/categories?post=14259"},{"taxonomy":"post_tag","embeddable":true,"href":"https:\/\/www.federacaopaulistadefutsal.com.br\/novo\/wp-json\/wp\/v2\/tags?post=14259"}],"curies":[{"name":"wp","href":"https:\/\/api.w.org\/{rel}","templated":true}]}}