{"id":14645,"date":"2017-02-08T12:11:08","date_gmt":"2017-02-08T12:11:08","guid":{"rendered":"http:\/\/www.federacaopaulistadefutsal.com.br\/?p=14645"},"modified":"2017-02-08T12:11:08","modified_gmt":"2017-02-08T12:11:08","slug":"aabbmapfre-divulga-o-elenco-para-2017-henrique-e-a-principal-novidade","status":"publish","type":"post","link":"https:\/\/www.federacaopaulistadefutsal.com.br\/novo\/aabbmapfre-divulga-o-elenco-para-2017-henrique-e-a-principal-novidade\/","title":{"rendered":"AABB\/Mapfre divulga o elenco para 2017. Henrique \u00e9 a principal novidade"},"content":{"rendered":"<p>Primeira campe\u00e3 da LPF (Liga Paulista de Futsal), em 2012 e vice na mesma competi\u00e7\u00e3o no ano seguinte, a AABB\/Mapfre j\u00e1 tem seu elenco definido para esta temporada. Uma das novidades no time comandado pelo t\u00e9cnico Kazu \u00e9 a contrata\u00e7\u00e3o do fixo Henrique, que em 2016 vestiu a camisa do S\u00e3o Jos\u00e9\/Valesul e traz na bagagem o t\u00edtulo de campe\u00e3o da Copa Paulista.<br \/>\nEm contrapartida, o elenco sofreu tr\u00eas baixas: Felipe, Leandro e o experiente piv\u00f4 Daniel Cearense n\u00e3o renovaram.<br \/>\n<b><strong>Confira a AABB\/Mapfre 2017:<\/strong><\/b><br \/>\nBag\u00e9 e Lucas (Goleiros)<br \/>\nBig\u00e3o (Renova\u00e7\u00e3o),<br \/>\nCris (Renova\u00e7\u00e3o)<br \/>\nDaniel (Renova\u00e7\u00e3o)<br \/>\nAngelo (Renova\u00e7\u00e3o)<br \/>\nThiago Gouv\u00eaa (Renova\u00e7\u00e3o)<br \/>\nJonhn Lenon (Renova\u00e7\u00e3o)<br \/>\nBruno Kosloski (Renova\u00e7\u00e3o)<br \/>\nMarinho (Renova\u00e7\u00e3o)<br \/>\nMartin (Renova\u00e7\u00e3o)<br \/>\nRenato (Renova\u00e7\u00e3o)<br \/>\nVictor Mello (Renova\u00e7\u00e3o)<br \/>\nHenrique<br \/>\nPromovidos do sub 20: Bruno Gomes, Victor Queiroz e L\u00e9o Neves<\/p>\n","protected":false},"excerpt":{"rendered":"<p>Primeira campe\u00e3 da LPF (Liga Paulista de Futsal), em 2012 e vice na mesma competi\u00e7\u00e3o no ano seguinte, a AABB\/Mapfre<\/p>\n","protected":false},"author":1,"featured_media":14644,"comment_status":"closed","ping_status":"open","sticky":false,"template":"","format":"standard","meta":{"footnotes":""},"categories":[35],"tags":[],"class_list":["post-14645","post","type-post","status-publish","format-standard","has-post-thumbnail","hentry","category-selecao"],"_links":{"self":[{"href":"https:\/\/www.federacaopaulistadefutsal.com.br\/novo\/wp-json\/wp\/v2\/posts\/14645","targetHints":{"allow":["GET"]}}],"collection":[{"href":"https:\/\/www.federacaopaulistadefutsal.com.br\/novo\/wp-json\/wp\/v2\/posts"}],"about":[{"href":"https:\/\/www.federacaopaulistadefutsal.com.br\/novo\/wp-json\/wp\/v2\/types\/post"}],"author":[{"embeddable":true,"href":"https:\/\/www.federacaopaulistadefutsal.com.br\/novo\/wp-json\/wp\/v2\/users\/1"}],"replies":[{"embeddable":true,"href":"https:\/\/www.federacaopaulistadefutsal.com.br\/novo\/wp-json\/wp\/v2\/comments?post=14645"}],"version-history":[{"count":0,"href":"https:\/\/www.federacaopaulistadefutsal.com.br\/novo\/wp-json\/wp\/v2\/posts\/14645\/revisions"}],"wp:featuredmedia":[{"embeddable":true,"href":"https:\/\/www.federacaopaulistadefutsal.com.br\/novo\/wp-json\/"}],"wp:attachment":[{"href":"https:\/\/www.federacaopaulistadefutsal.com.br\/novo\/wp-json\/wp\/v2\/media?parent=14645"}],"wp:term":[{"taxonomy":"category","embeddable":true,"href":"https:\/\/www.federacaopaulistadefutsal.com.br\/novo\/wp-json\/wp\/v2\/categories?post=14645"},{"taxonomy":"post_tag","embeddable":true,"href":"https:\/\/www.federacaopaulistadefutsal.com.br\/novo\/wp-json\/wp\/v2\/tags?post=14645"}],"curies":[{"name":"wp","href":"https:\/\/api.w.org\/{rel}","templated":true}]}}