{"id":14896,"date":"2017-04-09T20:37:01","date_gmt":"2017-04-09T20:37:01","guid":{"rendered":"http:\/\/www.federacaopaulistadefutsal.com.br\/?p=14896"},"modified":"2017-04-09T20:37:01","modified_gmt":"2017-04-09T20:37:01","slug":"aabbmapfre-e-campea-da-taca-sao-paulo-de-futsal","status":"publish","type":"post","link":"https:\/\/www.federacaopaulistadefutsal.com.br\/novo\/aabbmapfre-e-campea-da-taca-sao-paulo-de-futsal\/","title":{"rendered":"AABB\/MAPFRE \u00e9 campe\u00e3 da Ta\u00e7a S\u00e3o Paulo de Futsal"},"content":{"rendered":"<p>Na manh\u00e3 deste domingo (9), no Gin\u00e1sio Presidente Ciro II, aconteceu a final da Ta\u00e7a S\u00e3o Paulo entre AABB\/MAPFRE e Corinthians.<br \/>\nDiferente do que aconteceu nas semifinais, quando o Corinthians e a AABB\/MAPFRE venceram seus respectivos jogos por placares el\u00e1sticos, o p\u00fablico presente no gin\u00e1sio acompanhou um jogo equilibrado, que acabou refletindo no resultado da partida. O \u00fanico gol do primeiro tempo foi marcado por Victor Mello, da AABB\/MAPFRE, aos quatro minutos.<br \/>\nNo segundo tempo, a equipe alvinegra foi para cima e empatou o jogo com Gabriel, aos 24 minutos. Por\u00e9m, quatro minutos depois, Cris deixou a AABB\/MAPFRE novamente \u00e0 frente no placar.\u00a0 Com pouco mais de 30 minutos, Gabriel, camisa 19 do Corinthians, recebeu o segundo cart\u00e3o amarelo e foi expulso do jogo.<br \/>\n<figure id=\"attachment_14899\" aria-describedby=\"caption-attachment-14899\" style=\"width: 464px\" class=\"wp-caption aligncenter\"><a href=\"http:\/\/www.federacaopaulistadefutsal.com.br\/wp-content\/uploads\/2017\/04\/17797593_1154754951300520_980397483_o.jpg\"><img fetchpriority=\"high\" decoding=\"async\" class=\" wp-image-14899\" src=\"http:\/\/www.federacaopaulistadefutsal.com.br\/wp-content\/uploads\/2017\/04\/17797593_1154754951300520_980397483_o-1024x682.jpg\" alt=\"\" width=\"464\" height=\"309\" \/><\/a><figcaption id=\"caption-attachment-14899\" class=\"wp-caption-text\">La\u00e9rcio Gra\u00e7a, Presidente da LPF (esq); Gean Carlos (centro); Nilton Cifuentes Rom\u00e3o, Presidente da FPFS (dir) (Foto: Assessoria\/FPFS)<\/figcaption><\/figure><br \/>\nAproveitando o momento, os comandados do t\u00e9cnico Kazu ampliaram o marcador aos 38 minutos com Thiago Gouv\u00eaa, sendo o suficiente para a AABB\/MAPFRE conquistar o t\u00edtulo da Ta\u00e7a S\u00e3o Paulo de Futsal.<br \/>\n<figure id=\"attachment_14898\" aria-describedby=\"caption-attachment-14898\" style=\"width: 457px\" class=\"wp-caption aligncenter\"><a href=\"http:\/\/www.federacaopaulistadefutsal.com.br\/wp-content\/uploads\/2017\/04\/17858376_1154754914633857_1553369748_o.jpg\"><img decoding=\"async\" class=\" wp-image-14898\" src=\"http:\/\/www.federacaopaulistadefutsal.com.br\/wp-content\/uploads\/2017\/04\/17858376_1154754914633857_1553369748_o-1024x682.jpg\" alt=\"\" width=\"457\" height=\"304\" \/><\/a><figcaption id=\"caption-attachment-14898\" class=\"wp-caption-text\">Partida foi decidida no segundo tempo (Foto: Assessoria\/FPFS)<\/figcaption><\/figure><br \/>\n<strong>\u00a0Final da Ta\u00e7a S\u00e3o Paulo de Futsal<\/strong><br \/>\n09\/04 \u2013 11h00: AABB\/MAPFRE 3 x 1 Corinthians<br \/>\nGin\u00e1sio Presidente Ciro II &#8211; Av. Cond. Elizabeth Robiano, 5120.<\/p>\n","protected":false},"excerpt":{"rendered":"<p>Na manh\u00e3 deste domingo (9), no Gin\u00e1sio Presidente Ciro II, aconteceu a final da Ta\u00e7a S\u00e3o Paulo entre AABB\/MAPFRE e<\/p>\n","protected":false},"author":1,"featured_media":14897,"comment_status":"closed","ping_status":"open","sticky":false,"template":"","format":"standard","meta":{"footnotes":""},"categories":[25,32,39],"tags":[136,1037,1071,42,2153,2399],"class_list":["post-14896","post","type-post","status-publish","format-standard","has-post-thumbnail","hentry","category-destaques","category-maiores","category-taca-sao-paulo-de-futsal","tag-aabbmapfre","tag-federacao-paulista-de-futsal","tag-final","tag-fpfs","tag-s-c-corinthians-paulista","tag-taca-sao-paulo-de-futsal"],"_links":{"self":[{"href":"https:\/\/www.federacaopaulistadefutsal.com.br\/novo\/wp-json\/wp\/v2\/posts\/14896","targetHints":{"allow":["GET"]}}],"collection":[{"href":"https:\/\/www.federacaopaulistadefutsal.com.br\/novo\/wp-json\/wp\/v2\/posts"}],"about":[{"href":"https:\/\/www.federacaopaulistadefutsal.com.br\/novo\/wp-json\/wp\/v2\/types\/post"}],"author":[{"embeddable":true,"href":"https:\/\/www.federacaopaulistadefutsal.com.br\/novo\/wp-json\/wp\/v2\/users\/1"}],"replies":[{"embeddable":true,"href":"https:\/\/www.federacaopaulistadefutsal.com.br\/novo\/wp-json\/wp\/v2\/comments?post=14896"}],"version-history":[{"count":0,"href":"https:\/\/www.federacaopaulistadefutsal.com.br\/novo\/wp-json\/wp\/v2\/posts\/14896\/revisions"}],"wp:featuredmedia":[{"embeddable":true,"href":"https:\/\/www.federacaopaulistadefutsal.com.br\/novo\/wp-json\/"}],"wp:attachment":[{"href":"https:\/\/www.federacaopaulistadefutsal.com.br\/novo\/wp-json\/wp\/v2\/media?parent=14896"}],"wp:term":[{"taxonomy":"category","embeddable":true,"href":"https:\/\/www.federacaopaulistadefutsal.com.br\/novo\/wp-json\/wp\/v2\/categories?post=14896"},{"taxonomy":"post_tag","embeddable":true,"href":"https:\/\/www.federacaopaulistadefutsal.com.br\/novo\/wp-json\/wp\/v2\/tags?post=14896"}],"curies":[{"name":"wp","href":"https:\/\/api.w.org\/{rel}","templated":true}]}}