{"id":15077,"date":"2017-04-17T14:56:31","date_gmt":"2017-04-17T14:56:31","guid":{"rendered":"http:\/\/www.federacaopaulistadefutsal.com.br\/?p=15077"},"modified":"2017-04-17T14:56:31","modified_gmt":"2017-04-17T14:56:31","slug":"por-vaga-na-semifinal-a-a-fib-encara-promissao-pela-copa-tv-tem","status":"publish","type":"post","link":"https:\/\/www.federacaopaulistadefutsal.com.br\/novo\/por-vaga-na-semifinal-a-a-fib-encara-promissao-pela-copa-tv-tem\/","title":{"rendered":"Por vaga na semifinal, A.A. FIB encara Promiss\u00e3o pela Copa TV Tem"},"content":{"rendered":"<p>Classificada para as quartas da final da edi\u00e7\u00e3o 2017 da Copa TV Tem de Futsal com quatro vit\u00f3rias em quatro jogos, a Associa\u00e7\u00e3o Atl\u00e9tica FIB brigar\u00e1 por uma vaga na semifinal contra o time de Promiss\u00e3o, que tamb\u00e9m est\u00e1 invicto no torneio. O duelo decisivo, e eliminat\u00f3rio, ser\u00e1 disputado \u00e0s 20h00 desta ter\u00e7a-feira (18), no munic\u00edpio de Ibitinga.<br \/>\nDurante a primeira fase, tanto a equipe de Bauru quanto Promiss\u00e3o foram l\u00edderes dos seus grupos. Com nove pontos ganhos (tr\u00eas vit\u00f3rias), dez gols marcados e quatro sofridos, a A.A. FIB conquistou a primeira posi\u00e7\u00e3o do Grupo F; j\u00e1 seu pr\u00f3ximo rival precisou de apenas sete pontos (duas vit\u00f3rias e um empate) para assegurar a lideran\u00e7a do Grupo E.<br \/>\nNa segunda fase, equivalente as oitavas de final, os bauruenses encararam C\u00e2ndido Mota e avan\u00e7aram com uma vit\u00f3ria por 4 a 2, enquanto Promiss\u00e3o teve mais dificuldades para passar por Lins. Mesmo assim, assegurou a classifica\u00e7\u00e3o com o placar de 3 a 2 no tempo regulamentar.<br \/>\n&#8220;Pela campanha que as duas equipes tem feito at\u00e9 aqui, a expectativa \u00e9 de uma grande partida. \u00c9 um jogo eliminat\u00f3rio, em que o empate leva \u00e0 decis\u00e3o para os p\u00eanaltis, por isso, mais uma vez ser\u00e1 necess\u00e1rio uma dose de extra de aten\u00e7\u00e3o e dedica\u00e7\u00e3o para avan\u00e7armos&#8221;, destacou Everton Carvalho da Silva, o Alem\u00e3o, treinador da A.A. FIB.<br \/>\n<em>\u00a0Informa\u00e7\u00f5es e foto: Assessoria de Imprensa A.A. FIB<\/em><\/p>\n","protected":false},"excerpt":{"rendered":"<p>Classificada para as quartas da final da edi\u00e7\u00e3o 2017 da Copa TV Tem de Futsal com quatro vit\u00f3rias em quatro<\/p>\n","protected":false},"author":1,"featured_media":15078,"comment_status":"closed","ping_status":"open","sticky":false,"template":"","format":"standard","meta":{"footnotes":""},"categories":[29,32],"tags":[99,728,42,1147,1989,2013],"class_list":["post-15077","post","type-post","status-publish","format-standard","has-post-thumbnail","hentry","category-interior","category-maiores","tag-a-a-fib","tag-copa-tv-tem-de-futsal","tag-fpfs","tag-futsal-masculino","tag-promissao","tag-quartas-de-final"],"_links":{"self":[{"href":"https:\/\/www.federacaopaulistadefutsal.com.br\/novo\/wp-json\/wp\/v2\/posts\/15077","targetHints":{"allow":["GET"]}}],"collection":[{"href":"https:\/\/www.federacaopaulistadefutsal.com.br\/novo\/wp-json\/wp\/v2\/posts"}],"about":[{"href":"https:\/\/www.federacaopaulistadefutsal.com.br\/novo\/wp-json\/wp\/v2\/types\/post"}],"author":[{"embeddable":true,"href":"https:\/\/www.federacaopaulistadefutsal.com.br\/novo\/wp-json\/wp\/v2\/users\/1"}],"replies":[{"embeddable":true,"href":"https:\/\/www.federacaopaulistadefutsal.com.br\/novo\/wp-json\/wp\/v2\/comments?post=15077"}],"version-history":[{"count":0,"href":"https:\/\/www.federacaopaulistadefutsal.com.br\/novo\/wp-json\/wp\/v2\/posts\/15077\/revisions"}],"wp:featuredmedia":[{"embeddable":true,"href":"https:\/\/www.federacaopaulistadefutsal.com.br\/novo\/wp-json\/"}],"wp:attachment":[{"href":"https:\/\/www.federacaopaulistadefutsal.com.br\/novo\/wp-json\/wp\/v2\/media?parent=15077"}],"wp:term":[{"taxonomy":"category","embeddable":true,"href":"https:\/\/www.federacaopaulistadefutsal.com.br\/novo\/wp-json\/wp\/v2\/categories?post=15077"},{"taxonomy":"post_tag","embeddable":true,"href":"https:\/\/www.federacaopaulistadefutsal.com.br\/novo\/wp-json\/wp\/v2\/tags?post=15077"}],"curies":[{"name":"wp","href":"https:\/\/api.w.org\/{rel}","templated":true}]}}