{"id":15513,"date":"2017-05-05T20:12:48","date_gmt":"2017-05-05T20:12:48","guid":{"rendered":"http:\/\/www.federacaopaulistadefutsal.com.br\/?p=15513"},"modified":"2017-05-05T20:12:48","modified_gmt":"2017-05-05T20:12:48","slug":"fora-de-casa-a-a-praia-grande-ocian-vence-o-paraibuna-pelo-paulista-futsal-serie-a1","status":"publish","type":"post","link":"https:\/\/www.federacaopaulistadefutsal.com.br\/novo\/fora-de-casa-a-a-praia-grande-ocian-vence-o-paraibuna-pelo-paulista-futsal-serie-a1\/","title":{"rendered":"Fora de casa, A.A. Praia Grande Ocian vence o Paraibuna pelo Paulista Futsal &#8211; S\u00e9rie A1"},"content":{"rendered":"<p>A A.A.Praia Grande\/Ocian P.C.\/MRW visitou a equipe do A.D. Paraibuna, no \u00faltimo dia 29, s\u00e1bado, em partida v\u00e1lida pela 2\u00aa Rodada do Campeonato Paulista de Futsal (S\u00e9rie A1), e conquistou a sua primeira vit\u00f3ria.<br \/>\nDisputado no Gin\u00e1sio Benedito Mario Calazans, o time venceu por 3 a 0, com gols marcados por Mau (1), Deco (1) e Breno (1).<br \/>\nO pr\u00f3ximo jogo da AA Praia Grande\/Ocian PC\/MRW ser\u00e1 fora de casa, contra o C.A. Atl\u00e9tico Tabo\u00e3o da Serra, no Gin\u00e1sio Jos\u00e9 de Souza Sobrinho (Z\u00e9 do Feij\u00e3o), dia 06 de maio, s\u00e1bado, as 20h30.<br \/>\n<em>Informa\u00e7\u00f5es: Dep. de comunica\u00e7\u00e3o MRW Futsal &#8211; AA Praia Grande<\/em><br \/>\n&nbsp;<\/p>\n","protected":false},"excerpt":{"rendered":"<p>A A.A.Praia Grande\/Ocian P.C.\/MRW visitou a equipe do A.D. Paraibuna, no \u00faltimo dia 29, s\u00e1bado, em partida v\u00e1lida pela 2\u00aa<\/p>\n","protected":false},"author":1,"featured_media":15515,"comment_status":"closed","ping_status":"open","sticky":false,"template":"","format":"standard","meta":{"footnotes":""},"categories":[9],"tags":[102,489,42,1131],"class_list":["post-15513","post","type-post","status-publish","format-standard","has-post-thumbnail","hentry","category-estadual-principal","tag-a-a-praia-grande","tag-campeonato-paulista-da-serie-a1","tag-fpfs","tag-futsal"],"_links":{"self":[{"href":"https:\/\/www.federacaopaulistadefutsal.com.br\/novo\/wp-json\/wp\/v2\/posts\/15513","targetHints":{"allow":["GET"]}}],"collection":[{"href":"https:\/\/www.federacaopaulistadefutsal.com.br\/novo\/wp-json\/wp\/v2\/posts"}],"about":[{"href":"https:\/\/www.federacaopaulistadefutsal.com.br\/novo\/wp-json\/wp\/v2\/types\/post"}],"author":[{"embeddable":true,"href":"https:\/\/www.federacaopaulistadefutsal.com.br\/novo\/wp-json\/wp\/v2\/users\/1"}],"replies":[{"embeddable":true,"href":"https:\/\/www.federacaopaulistadefutsal.com.br\/novo\/wp-json\/wp\/v2\/comments?post=15513"}],"version-history":[{"count":0,"href":"https:\/\/www.federacaopaulistadefutsal.com.br\/novo\/wp-json\/wp\/v2\/posts\/15513\/revisions"}],"wp:featuredmedia":[{"embeddable":true,"href":"https:\/\/www.federacaopaulistadefutsal.com.br\/novo\/wp-json\/"}],"wp:attachment":[{"href":"https:\/\/www.federacaopaulistadefutsal.com.br\/novo\/wp-json\/wp\/v2\/media?parent=15513"}],"wp:term":[{"taxonomy":"category","embeddable":true,"href":"https:\/\/www.federacaopaulistadefutsal.com.br\/novo\/wp-json\/wp\/v2\/categories?post=15513"},{"taxonomy":"post_tag","embeddable":true,"href":"https:\/\/www.federacaopaulistadefutsal.com.br\/novo\/wp-json\/wp\/v2\/tags?post=15513"}],"curies":[{"name":"wp","href":"https:\/\/api.w.org\/{rel}","templated":true}]}}