{"id":15639,"date":"2017-05-12T12:37:20","date_gmt":"2017-05-12T12:37:20","guid":{"rendered":"http:\/\/www.federacaopaulistadefutsal.com.br\/?p=15639"},"modified":"2017-05-12T12:37:20","modified_gmt":"2017-05-12T12:37:20","slug":"pelo-grupo-b-da-lpf-tempersuldracena-vence-mais-uma-e-encosta-no-g4","status":"publish","type":"post","link":"https:\/\/www.federacaopaulistadefutsal.com.br\/novo\/pelo-grupo-b-da-lpf-tempersuldracena-vence-mais-uma-e-encosta-no-g4\/","title":{"rendered":"Pelo Grupo B da LPF, Tempersul\/Dracena vence mais uma e encosta no G4"},"content":{"rendered":"<p>Depois da vit\u00f3ria \u00a0sobre a A.A FIB, por 6 x 3, o Tempersul\/Dracena conquistou mais uma vit\u00f3ria na Liga Paulista de Futsal. Na \u00faltima quinta-feira (11), a equipe venceu o Araraquara por 5 x 3, fora de casa, e entrou de vez na briga pela zona de classifica\u00e7\u00e3o do Grupo B. O triunfo n\u00e3o representou um salto na tabela, por\u00e9m, deixou os dracenenses a dois pontos do Corinthians, \u00faltima equipe dentro do G-4.<br \/>\n<figure id=\"attachment_15643\" aria-describedby=\"caption-attachment-15643\" style=\"width: 403px\" class=\"wp-caption aligncenter\"><a href=\"http:\/\/www.federacaopaulistadefutsal.com.br\/wp-content\/uploads\/2017\/05\/18422243_407938732926026_3024865736145339568_o.jpg\"><img fetchpriority=\"high\" decoding=\"async\" class=\" wp-image-15643\" src=\"http:\/\/www.federacaopaulistadefutsal.com.br\/wp-content\/uploads\/2017\/05\/18422243_407938732926026_3024865736145339568_o.jpg\" alt=\"\" width=\"403\" height=\"302\" \/><\/a><figcaption id=\"caption-attachment-15643\" class=\"wp-caption-text\">Foto: Divulga\u00e7\u00e3o\/Facebook<\/figcaption><\/figure><br \/>\nOs gols da equipe do Tempersul foram anotados por Tatinho, Bic\u00e3o e Rick (duas vezes). O Araraquara descontou com Fudil, tamb\u00e9m duas vezes. Z\u00e9 L\u00e9o tentou colocar os mandantes de volta no jogo marcando o terceiro, por\u00e9m, sem sucesso. Com a derrota, o Araraquara se manteve na s\u00e9tima coloca\u00e7\u00e3o do Grupo B, com apenas tr\u00eas pontos<br \/>\nNa pr\u00f3xima rodada, o Dracena encara o Hortol\u00e2ndia, no Gin\u00e1sio Poliesportivo Victor Savala, tamb\u00e9m fora de casa, dia 19 (sexta-feira), as 20h30O. J\u00e1 o Araraquara volta a jogar no pr\u00f3ximo dia 16, \u00e0s 20h, novamente em casa, contra o Corinthians.<br \/>\n<em>Foto Capa: Jonas Bezerra<\/em><\/p>\n","protected":false},"excerpt":{"rendered":"<p>Depois da vit\u00f3ria \u00a0sobre a A.A FIB, por 6 x 3, o Tempersul\/Dracena conquistou mais uma vit\u00f3ria na Liga Paulista<\/p>\n","protected":false},"author":1,"featured_media":15640,"comment_status":"closed","ping_status":"open","sticky":false,"template":"","format":"standard","meta":{"footnotes":""},"categories":[25,32],"tags":[254,1037,1133,1556,2429],"class_list":["post-15639","post","type-post","status-publish","format-standard","has-post-thumbnail","hentry","category-destaques","category-maiores","tag-araraquara","tag-federacao-paulista-de-futsal","tag-futsal-brasileiro","tag-lpf","tag-tempersuldracena"],"_links":{"self":[{"href":"https:\/\/www.federacaopaulistadefutsal.com.br\/novo\/wp-json\/wp\/v2\/posts\/15639","targetHints":{"allow":["GET"]}}],"collection":[{"href":"https:\/\/www.federacaopaulistadefutsal.com.br\/novo\/wp-json\/wp\/v2\/posts"}],"about":[{"href":"https:\/\/www.federacaopaulistadefutsal.com.br\/novo\/wp-json\/wp\/v2\/types\/post"}],"author":[{"embeddable":true,"href":"https:\/\/www.federacaopaulistadefutsal.com.br\/novo\/wp-json\/wp\/v2\/users\/1"}],"replies":[{"embeddable":true,"href":"https:\/\/www.federacaopaulistadefutsal.com.br\/novo\/wp-json\/wp\/v2\/comments?post=15639"}],"version-history":[{"count":0,"href":"https:\/\/www.federacaopaulistadefutsal.com.br\/novo\/wp-json\/wp\/v2\/posts\/15639\/revisions"}],"wp:featuredmedia":[{"embeddable":true,"href":"https:\/\/www.federacaopaulistadefutsal.com.br\/novo\/wp-json\/"}],"wp:attachment":[{"href":"https:\/\/www.federacaopaulistadefutsal.com.br\/novo\/wp-json\/wp\/v2\/media?parent=15639"}],"wp:term":[{"taxonomy":"category","embeddable":true,"href":"https:\/\/www.federacaopaulistadefutsal.com.br\/novo\/wp-json\/wp\/v2\/categories?post=15639"},{"taxonomy":"post_tag","embeddable":true,"href":"https:\/\/www.federacaopaulistadefutsal.com.br\/novo\/wp-json\/wp\/v2\/tags?post=15639"}],"curies":[{"name":"wp","href":"https:\/\/api.w.org\/{rel}","templated":true}]}}