{"id":15662,"date":"2017-05-13T20:56:17","date_gmt":"2017-05-13T20:56:17","guid":{"rendered":"http:\/\/www.federacaopaulistadefutsal.com.br\/?p=15662"},"modified":"2017-05-13T20:56:17","modified_gmt":"2017-05-13T20:56:17","slug":"adc-intelli-vence-de-virada-e-sobe-na-tabela","status":"publish","type":"post","link":"https:\/\/www.federacaopaulistadefutsal.com.br\/novo\/adc-intelli-vence-de-virada-e-sobe-na-tabela\/","title":{"rendered":"LPF: ADC Intelli vence de virada e sobe na tabela"},"content":{"rendered":"<p>A ADC Intelli bateu a equipe de Jales nesta sexta-feira (12), por 4 x 3, pela quinta rodada da Liga Paulista de Futsal. Os intellianos buscaram a vit\u00f3ria mesmo ap\u00f3s sofrerem 3 x 0. O duelo aconteceu na Arena Ol\u00edmpica Jo\u00e3o Mambrini, em S\u00e3o Sebasti\u00e3o do Para\u00edso, onde os gols do time local foram \u00a0anotados por Rafinha (2), Tatu e Claudinho.<br \/>\n<b><strong>O jogo<\/strong><\/b><br \/>\nO primeiro tempo em S\u00e3o Sebasti\u00e3o do Para\u00edso terminou com vit\u00f3ria da equipe de Jales. Apesar das boas chances criadas pelos intellianos, com gol de Misael, os visitantes foram para o intervalo com a vit\u00f3ria parcial.<br \/>\nAtr\u00e1s do placar os anfitri\u00f5es se atiraram a frente na segunda etapa, mas logo nos primeiros minutos foram surpreendidos com dois gols rel\u00e2mpagos de Kiko Frioli, que colocaram os jalenses com folga no marcador.<br \/>\nA desvantagem aumentou ainda mais a press\u00e3o dos Gren\u00e1s que conseguiram encostar no placar em dois gols de p\u00eanalti convertidos pelo ala Rafinha. Os tentos deram moral aos mandantes e \u00e2nimo \u00e0 torcida e o empate n\u00e3o demorou a acontecer. Em um chute de fora da \u00e1rea, o experiente Tatu igualou o placar.<br \/>\nEm um contra-ataque, o ala intelliano marcou o gol da improv\u00e1vel virada, tento que transformou o j\u00e1 movimentado jogo, em uma partida alucinante.<br \/>\nAs chances eram criadas por ambas as equipes e cada ataque se tornava uma chance de gol. Na oportunidade mais aguda de Jales, em cobran\u00e7a de tiro-livre, o prata da casa Dieg\u00e3o veio do banco para praticar bela defesa.<br \/>\nNa reta final foi a vez da equipe de Jales se lan\u00e7ar ao ataque usando a forma\u00e7\u00e3o com goleiro-linha, mas a defesa Gren\u00e1 recha\u00e7ou os ataques jalenses. No fim, vit\u00f3ria por 4 x 3.<br \/>\n<em>Foto: Luan Amaral<\/em><br \/>\n<em>Informa\u00e7\u00f5es: Assessoria de Imprensa ADC Intelli<\/em><\/p>\n","protected":false},"excerpt":{"rendered":"<p>A ADC Intelli bateu a equipe de Jales nesta sexta-feira (12), por 4 x 3, pela quinta rodada da Liga<\/p>\n","protected":false},"author":1,"featured_media":15664,"comment_status":"closed","ping_status":"open","sticky":false,"template":"","format":"standard","meta":{"footnotes":""},"categories":[25,31],"tags":[171,1037,1147,1385,1556],"class_list":["post-15662","post","type-post","status-publish","format-standard","has-post-thumbnail","hentry","category-destaques","category-liga-paulista-de-futsal","tag-adc-intelli","tag-federacao-paulista-de-futsal","tag-futsal-masculino","tag-jales-futsal","tag-lpf"],"_links":{"self":[{"href":"https:\/\/www.federacaopaulistadefutsal.com.br\/novo\/wp-json\/wp\/v2\/posts\/15662","targetHints":{"allow":["GET"]}}],"collection":[{"href":"https:\/\/www.federacaopaulistadefutsal.com.br\/novo\/wp-json\/wp\/v2\/posts"}],"about":[{"href":"https:\/\/www.federacaopaulistadefutsal.com.br\/novo\/wp-json\/wp\/v2\/types\/post"}],"author":[{"embeddable":true,"href":"https:\/\/www.federacaopaulistadefutsal.com.br\/novo\/wp-json\/wp\/v2\/users\/1"}],"replies":[{"embeddable":true,"href":"https:\/\/www.federacaopaulistadefutsal.com.br\/novo\/wp-json\/wp\/v2\/comments?post=15662"}],"version-history":[{"count":0,"href":"https:\/\/www.federacaopaulistadefutsal.com.br\/novo\/wp-json\/wp\/v2\/posts\/15662\/revisions"}],"wp:featuredmedia":[{"embeddable":true,"href":"https:\/\/www.federacaopaulistadefutsal.com.br\/novo\/wp-json\/"}],"wp:attachment":[{"href":"https:\/\/www.federacaopaulistadefutsal.com.br\/novo\/wp-json\/wp\/v2\/media?parent=15662"}],"wp:term":[{"taxonomy":"category","embeddable":true,"href":"https:\/\/www.federacaopaulistadefutsal.com.br\/novo\/wp-json\/wp\/v2\/categories?post=15662"},{"taxonomy":"post_tag","embeddable":true,"href":"https:\/\/www.federacaopaulistadefutsal.com.br\/novo\/wp-json\/wp\/v2\/tags?post=15662"}],"curies":[{"name":"wp","href":"https:\/\/api.w.org\/{rel}","templated":true}]}}