{"id":15738,"date":"2017-05-17T11:27:43","date_gmt":"2017-05-17T11:27:43","guid":{"rendered":"http:\/\/www.federacaopaulistadefutsal.com.br\/?p=15738"},"modified":"2017-05-17T11:27:43","modified_gmt":"2017-05-17T11:27:43","slug":"pivo-do-dracena-exalta-bom-momento-pessoal-e-da-equipe-pela-liga-paulista-de-futsal","status":"publish","type":"post","link":"https:\/\/www.federacaopaulistadefutsal.com.br\/novo\/pivo-do-dracena-exalta-bom-momento-pessoal-e-da-equipe-pela-liga-paulista-de-futsal\/","title":{"rendered":"Piv\u00f4 do Dracena exalta bom momento pessoal e da equipe pela Liga Paulista de Futsal"},"content":{"rendered":"<p>O Tempersul\/Dracena vem embalado com duas vit\u00f3rias e est\u00e1 na quinta coloca\u00e7\u00e3o na Liga Paulista. Um dos respons\u00e1veis pelo bom desempenho da equipe \u00e9 o piv\u00f4 Rick, que tem at\u00e9 agora sete gols em seis jogos na competi\u00e7\u00e3o, que o coloca como um dos goleadores da competi\u00e7\u00e3o. Por conta disso, o jogador exalta a boa fase que vem passando na carreira.<br \/>\n\u201cEstou em uma fase que todo jogador gosta de estar, uma fase que tudo o que se tenta da certo. Sou muito grato aos meus companheiros, pois sem eles isso n\u00e3o seria poss\u00edvel. Nos unimos em um s\u00f3 objetivo, e gra\u00e7as ao trabalho em equipe estamos numa \u00f3tima crescente\u201d, comemorou o atleta.<br \/>\nApesar da briga pela artilharia, o piv\u00f4 tem outro desejo: as vit\u00f3rias fora de casa. At\u00e9 o momento, a equipe de Dracena venceu apenas um jogo longe dos seus dom\u00ednios. \u201cOs pontos fora de casa tem uma import\u00e2ncia muito grande, j\u00e1 que no returno enfrentaremos essas equipes ao lado da nossa torcida, onde somos muito fortes\u201d, comentou.<br \/>\nO Tempersul\/Dracena volta \u00e0 quadra nesta sexta-feira para ir em busca da segunda vit\u00f3ria fora dos seus dom\u00ednios, quando enfrenta o Hortol\u00e2ndia, \u00e0s 20h15, no Gin\u00e1sio Poliesportivo Victor Savala, pela \u00faltima rodada do primeiro turno da LPF.<br \/>\n<em>Informa\u00e7\u00f5es: Maicon Reis<\/em><br \/>\n<em>Foto: Danilo Ledo<\/em><\/p>\n","protected":false},"excerpt":{"rendered":"<p>O Tempersul\/Dracena vem embalado com duas vit\u00f3rias e est\u00e1 na quinta coloca\u00e7\u00e3o na Liga Paulista. Um dos respons\u00e1veis pelo bom<\/p>\n","protected":false},"author":1,"featured_media":15739,"comment_status":"closed","ping_status":"open","sticky":false,"template":"","format":"standard","meta":{"footnotes":""},"categories":[25,31],"tags":[42,1131,1526,2429],"class_list":["post-15738","post","type-post","status-publish","format-standard","has-post-thumbnail","hentry","category-destaques","category-liga-paulista-de-futsal","tag-fpfs","tag-futsal","tag-liga-paulista-de-futsal","tag-tempersuldracena"],"_links":{"self":[{"href":"https:\/\/www.federacaopaulistadefutsal.com.br\/novo\/wp-json\/wp\/v2\/posts\/15738","targetHints":{"allow":["GET"]}}],"collection":[{"href":"https:\/\/www.federacaopaulistadefutsal.com.br\/novo\/wp-json\/wp\/v2\/posts"}],"about":[{"href":"https:\/\/www.federacaopaulistadefutsal.com.br\/novo\/wp-json\/wp\/v2\/types\/post"}],"author":[{"embeddable":true,"href":"https:\/\/www.federacaopaulistadefutsal.com.br\/novo\/wp-json\/wp\/v2\/users\/1"}],"replies":[{"embeddable":true,"href":"https:\/\/www.federacaopaulistadefutsal.com.br\/novo\/wp-json\/wp\/v2\/comments?post=15738"}],"version-history":[{"count":0,"href":"https:\/\/www.federacaopaulistadefutsal.com.br\/novo\/wp-json\/wp\/v2\/posts\/15738\/revisions"}],"wp:featuredmedia":[{"embeddable":true,"href":"https:\/\/www.federacaopaulistadefutsal.com.br\/novo\/wp-json\/"}],"wp:attachment":[{"href":"https:\/\/www.federacaopaulistadefutsal.com.br\/novo\/wp-json\/wp\/v2\/media?parent=15738"}],"wp:term":[{"taxonomy":"category","embeddable":true,"href":"https:\/\/www.federacaopaulistadefutsal.com.br\/novo\/wp-json\/wp\/v2\/categories?post=15738"},{"taxonomy":"post_tag","embeddable":true,"href":"https:\/\/www.federacaopaulistadefutsal.com.br\/novo\/wp-json\/wp\/v2\/tags?post=15738"}],"curies":[{"name":"wp","href":"https:\/\/api.w.org\/{rel}","templated":true}]}}