{"id":16048,"date":"2017-05-29T21:36:17","date_gmt":"2017-05-29T21:36:17","guid":{"rendered":"http:\/\/www.federacaopaulistadefutsal.com.br\/?p=16048"},"modified":"2017-05-29T21:36:17","modified_gmt":"2017-05-29T21:36:17","slug":"categorias-menores-do-taboao-da-serra-vencem-dentro-de-casa-o-sao-caetanopalestra","status":"publish","type":"post","link":"https:\/\/www.federacaopaulistadefutsal.com.br\/novo\/categorias-menores-do-taboao-da-serra-vencem-dentro-de-casa-o-sao-caetanopalestra\/","title":{"rendered":"Dentro de casa, categorias menores do Tabo\u00e3o da Serra vencem o S\u00e3o Caetano\/Palestra"},"content":{"rendered":"<p>Com gols de Jonatas, Giovani e Matheus, o CA Tabo\u00e3o da Serra empatou por 3 x 3 com o CA Guarulhense, na \u00faltima semana, em Tabo\u00e3o da Serra (Grande SP). O duelo, v\u00e1lido pelo Campeonato Metropolitano Sub-20, marcou a estreia do t\u00e9cnico Fabinho \u00e0 frente da equipe Taboaense. O pr\u00f3ximo compromisso do CATS na competi\u00e7\u00e3o acontece nesta ter\u00e7a-feira (30), \u00e0s 19h30, contra o Hortol\u00e2ndia Futsal, no Gin\u00e1sio Municipal Victor Savala, em Hortol\u00e2ndia (Interior de SP).<br \/>\n<strong>Menores<\/strong><br \/>\nNeste fim de semana, as categorias menores do CATS jogaram contra o S\u00e3o Caetano\/Palestra. Confira os resultados:<br \/>\n<em>Sub-18<\/em><br \/>\nCATS 6 x 4 S\u00e3o Caetano\/Palestra<br \/>\n<em>Sub-16<\/em><br \/>\nCATS 5 x 2 S\u00e3o Caetano\/Palestra<br \/>\n<em>Sub-14\u00a0<\/em><br \/>\nCATS 8 x 2 S\u00e3o Caetano\/Palestra<br \/>\n<em>Sub-12\u00a0<\/em><br \/>\nCATS 4 x 1 S\u00e3o Caetano\/Palestra<\/p>\n","protected":false},"excerpt":{"rendered":"<p>Com gols de Jonatas, Giovani e Matheus, o CA Tabo\u00e3o da Serra empatou por 3 x 3 com o CA<\/p>\n","protected":false},"author":1,"featured_media":16049,"comment_status":"closed","ping_status":"open","sticky":false,"template":"","format":"standard","meta":{"footnotes":""},"categories":[12],"tags":[439,479,1037,2339,2341,2348,2351],"class_list":["post-16048","post","type-post","status-publish","format-standard","has-post-thumbnail","hentry","category-metropolitano-base-a1","tag-c-a-taboao-da-serra","tag-campeonato-metropolitano-a1","tag-federacao-paulista-de-futsal","tag-sub-12","tag-sub-18","tag-sub-14","tag-sub-16"],"_links":{"self":[{"href":"https:\/\/www.federacaopaulistadefutsal.com.br\/novo\/wp-json\/wp\/v2\/posts\/16048","targetHints":{"allow":["GET"]}}],"collection":[{"href":"https:\/\/www.federacaopaulistadefutsal.com.br\/novo\/wp-json\/wp\/v2\/posts"}],"about":[{"href":"https:\/\/www.federacaopaulistadefutsal.com.br\/novo\/wp-json\/wp\/v2\/types\/post"}],"author":[{"embeddable":true,"href":"https:\/\/www.federacaopaulistadefutsal.com.br\/novo\/wp-json\/wp\/v2\/users\/1"}],"replies":[{"embeddable":true,"href":"https:\/\/www.federacaopaulistadefutsal.com.br\/novo\/wp-json\/wp\/v2\/comments?post=16048"}],"version-history":[{"count":0,"href":"https:\/\/www.federacaopaulistadefutsal.com.br\/novo\/wp-json\/wp\/v2\/posts\/16048\/revisions"}],"wp:featuredmedia":[{"embeddable":true,"href":"https:\/\/www.federacaopaulistadefutsal.com.br\/novo\/wp-json\/"}],"wp:attachment":[{"href":"https:\/\/www.federacaopaulistadefutsal.com.br\/novo\/wp-json\/wp\/v2\/media?parent=16048"}],"wp:term":[{"taxonomy":"category","embeddable":true,"href":"https:\/\/www.federacaopaulistadefutsal.com.br\/novo\/wp-json\/wp\/v2\/categories?post=16048"},{"taxonomy":"post_tag","embeddable":true,"href":"https:\/\/www.federacaopaulistadefutsal.com.br\/novo\/wp-json\/wp\/v2\/tags?post=16048"}],"curies":[{"name":"wp","href":"https:\/\/api.w.org\/{rel}","templated":true}]}}