{"id":16266,"date":"2017-06-07T11:48:06","date_gmt":"2017-06-07T11:48:06","guid":{"rendered":"http:\/\/www.federacaopaulistadefutsal.com.br\/?p=16266"},"modified":"2017-06-07T11:48:06","modified_gmt":"2017-06-07T11:48:06","slug":"sub-20-do-guarulhense-encerra-participacao-no-metropolitano-serie-a1","status":"publish","type":"post","link":"https:\/\/www.federacaopaulistadefutsal.com.br\/novo\/sub-20-do-guarulhense-encerra-participacao-no-metropolitano-serie-a1\/","title":{"rendered":"Sub-20 do Guarulhense encerra participa\u00e7\u00e3o no Metropolitano S\u00e9rie A1"},"content":{"rendered":"<p>A derrota por 7 x 1 para o Corinthians na \u00faltima quinta-feira (1), p\u00f4s fim \u00e0 participa\u00e7\u00e3o do sub-20 do Guarulhense no Metropolitano. O time comandado pelo professor Silas aguarda a confirma\u00e7\u00e3o de disputa do Estadual, no segundo semestre, para seguir treinando e abrir avalia\u00e7\u00f5es e peneiras.<br \/>\nO Galo n\u00e3o conseguiu repetir o sucesso da \u00faltima disputa na categoria, quando chegou \u00e0s quartas e acabou eliminado no crit\u00e9rio de desempate pelo S\u00e3o Jo\u00e3o, time que viria a ser vice-campe\u00e3o do torneio. Com a equipe repleta de garotos do sub-16 e do sub-18 e um novo grupo em forma\u00e7\u00e3o, o Tricolor conquistou apenas um empate durante a disputa do Metropolitano.<br \/>\nPara o segundo semestre, a categoria Sub-20 sempre foi base do time principal do\u00a0clube, que procura manter a tradi\u00e7\u00e3o da cidade no futsal.<br \/>\n<a href=\"http:\/\/www.federacaopaulistadefutsal.com.br\/wp-content\/uploads\/2017\/06\/DSC_0001.jpg\"><img fetchpriority=\"high\" decoding=\"async\" class=\"aligncenter wp-image-16269\" src=\"http:\/\/www.federacaopaulistadefutsal.com.br\/wp-content\/uploads\/2017\/06\/DSC_0001.jpg\" alt=\"\" width=\"609\" height=\"404\" \/><\/a><br \/>\n&nbsp;<br \/>\n<em>\u00a0Informa\u00e7\u00f5es e foto: Lucas Canosa<\/em><\/p>\n","protected":false},"excerpt":{"rendered":"<p>A derrota por 7 x 1 para o Corinthians na \u00faltima quinta-feira (1), p\u00f4s fim \u00e0 participa\u00e7\u00e3o do sub-20 do<\/p>\n","protected":false},"author":1,"featured_media":16268,"comment_status":"closed","ping_status":"open","sticky":false,"template":"","format":"standard","meta":{"footnotes":""},"categories":[33,12],"tags":[549,619,42,1147],"class_list":["post-16266","post","type-post","status-publish","format-standard","has-post-thumbnail","hentry","category-menores","category-metropolitano-base-a1","tag-categoria-sub-20","tag-clube-atletico-guarulhense","tag-fpfs","tag-futsal-masculino"],"_links":{"self":[{"href":"https:\/\/www.federacaopaulistadefutsal.com.br\/novo\/wp-json\/wp\/v2\/posts\/16266","targetHints":{"allow":["GET"]}}],"collection":[{"href":"https:\/\/www.federacaopaulistadefutsal.com.br\/novo\/wp-json\/wp\/v2\/posts"}],"about":[{"href":"https:\/\/www.federacaopaulistadefutsal.com.br\/novo\/wp-json\/wp\/v2\/types\/post"}],"author":[{"embeddable":true,"href":"https:\/\/www.federacaopaulistadefutsal.com.br\/novo\/wp-json\/wp\/v2\/users\/1"}],"replies":[{"embeddable":true,"href":"https:\/\/www.federacaopaulistadefutsal.com.br\/novo\/wp-json\/wp\/v2\/comments?post=16266"}],"version-history":[{"count":0,"href":"https:\/\/www.federacaopaulistadefutsal.com.br\/novo\/wp-json\/wp\/v2\/posts\/16266\/revisions"}],"wp:featuredmedia":[{"embeddable":true,"href":"https:\/\/www.federacaopaulistadefutsal.com.br\/novo\/wp-json\/"}],"wp:attachment":[{"href":"https:\/\/www.federacaopaulistadefutsal.com.br\/novo\/wp-json\/wp\/v2\/media?parent=16266"}],"wp:term":[{"taxonomy":"category","embeddable":true,"href":"https:\/\/www.federacaopaulistadefutsal.com.br\/novo\/wp-json\/wp\/v2\/categories?post=16266"},{"taxonomy":"post_tag","embeddable":true,"href":"https:\/\/www.federacaopaulistadefutsal.com.br\/novo\/wp-json\/wp\/v2\/tags?post=16266"}],"curies":[{"name":"wp","href":"https:\/\/api.w.org\/{rel}","templated":true}]}}