{"id":16343,"date":"2017-06-09T16:16:00","date_gmt":"2017-06-09T16:16:00","guid":{"rendered":"http:\/\/www.federacaopaulistadefutsal.com.br\/?p=16343"},"modified":"2017-06-09T16:16:00","modified_gmt":"2017-06-09T16:16:00","slug":"onze-partidas-movimentam-a-rodada-do-metropolitano-serie-sub-10-confira","status":"publish","type":"post","link":"https:\/\/www.federacaopaulistadefutsal.com.br\/novo\/onze-partidas-movimentam-a-rodada-do-metropolitano-serie-sub-10-confira\/","title":{"rendered":"Onze partidas movimentam a rodada do Metropolitano Sub-10; confira"},"content":{"rendered":"<p>Neste s\u00e1bado (10), acontece mais uma rodada do Metropolitano S\u00e9rie \u00danica. As equipes Sub-20 entram em quadra \u00e0 partir das 10h30; confira os jogos.<br \/>\n<strong>Jogos \u00e0s 10h30<\/strong><br \/>\nGin\u00e1sio Metal\u00fargicos Jundia\u00ed<br \/>\n<strong>Sindicato dos Metal\u00fargicos\u00a0de Jundia\u00ed\u00a0<\/strong>\u00a0x <strong>Luso Brasileiro<\/strong><br \/>\nGin\u00e1sio Arena Palestra It\u00e1lia<br \/>\n<strong>S.E. Palmeiras x E.C. Hortol\u00e2ndia Futsal<\/strong><br \/>\nGin\u00e1sio No\u00eamia Assump\u00e7\u00e3o<br \/>\n<strong>A.D. Santo Andr\u00e9 Futsal x G.R. Gremetal\/STISMMMEC\/Col. Liceu Santista<\/strong><br \/>\nGin\u00e1sio Arnaldo Jos\u00e9 Celeste<br \/>\n<strong>A. Guarulhense x A. Uni\u00e3o Mau\u00e1\/G.E. Mauaense<\/strong><br \/>\nGin\u00e1sio A.D.C. Basf<br \/>\n<strong>A.D.C. Basf\/ Suvinil\u00a0 x G.R. Itapevi<\/strong><br \/>\nGin\u00e1sio Parque S\u00e3o Jorge<br \/>\n<strong>S.C. Corinthians Paulista x Lausanne Paulista F.C.<\/strong><br \/>\nGin\u00e1sio Jo\u00e3o Domingues de Oliveira<br \/>\n<strong>Ribeir\u00e3o Pires F.C. x <\/strong>\u00a0<strong>Liga Leste Reabilitar<\/strong><br \/>\nGin\u00e1sio 1 da A.D.C. Mercedes Benz<br \/>\n<strong>A.D.C. Mercedes Benz x A.D. Mogi das Cruzes<\/strong><br \/>\nGin\u00e1sio de Esportes Vila Ema<br \/>\n<strong>C.T.C. Vila Ema x C.A. Juventus<\/strong><br \/>\nGin\u00e1sio Ayrton Senna da Silva<br \/>\n<strong>C.A. Tabuca Juniors x A.A. Praia Grande\/Ocian P.C.<\/strong><br \/>\n<strong>Jogos \u00e0s 11h30<\/strong><br \/>\n&nbsp;<\/p>\n","protected":false},"excerpt":{"rendered":"<p>Neste s\u00e1bado (10), acontece mais uma rodada do Metropolitano S\u00e9rie \u00danica. As equipes Sub-20 entram em quadra \u00e0 partir das<\/p>\n","protected":false},"author":1,"featured_media":16346,"comment_status":"closed","ping_status":"open","sticky":false,"template":"","format":"standard","meta":{"footnotes":""},"categories":[33,34],"tags":[41,1037,1655,2337],"class_list":["post-16343","post","type-post","status-publish","format-standard","has-post-thumbnail","hentry","category-menores","category-metropolitano-serie-unica","tag-categorias-menores","tag-federacao-paulista-de-futsal","tag-metropolitano-serie-unica","tag-sub-10"],"_links":{"self":[{"href":"https:\/\/www.federacaopaulistadefutsal.com.br\/novo\/wp-json\/wp\/v2\/posts\/16343","targetHints":{"allow":["GET"]}}],"collection":[{"href":"https:\/\/www.federacaopaulistadefutsal.com.br\/novo\/wp-json\/wp\/v2\/posts"}],"about":[{"href":"https:\/\/www.federacaopaulistadefutsal.com.br\/novo\/wp-json\/wp\/v2\/types\/post"}],"author":[{"embeddable":true,"href":"https:\/\/www.federacaopaulistadefutsal.com.br\/novo\/wp-json\/wp\/v2\/users\/1"}],"replies":[{"embeddable":true,"href":"https:\/\/www.federacaopaulistadefutsal.com.br\/novo\/wp-json\/wp\/v2\/comments?post=16343"}],"version-history":[{"count":0,"href":"https:\/\/www.federacaopaulistadefutsal.com.br\/novo\/wp-json\/wp\/v2\/posts\/16343\/revisions"}],"wp:featuredmedia":[{"embeddable":true,"href":"https:\/\/www.federacaopaulistadefutsal.com.br\/novo\/wp-json\/"}],"wp:attachment":[{"href":"https:\/\/www.federacaopaulistadefutsal.com.br\/novo\/wp-json\/wp\/v2\/media?parent=16343"}],"wp:term":[{"taxonomy":"category","embeddable":true,"href":"https:\/\/www.federacaopaulistadefutsal.com.br\/novo\/wp-json\/wp\/v2\/categories?post=16343"},{"taxonomy":"post_tag","embeddable":true,"href":"https:\/\/www.federacaopaulistadefutsal.com.br\/novo\/wp-json\/wp\/v2\/tags?post=16343"}],"curies":[{"name":"wp","href":"https:\/\/api.w.org\/{rel}","templated":true}]}}