{"id":16465,"date":"2017-06-15T19:14:19","date_gmt":"2017-06-15T19:14:19","guid":{"rendered":"http:\/\/www.federacaopaulistadefutsal.com.br\/?p=16465"},"modified":"2017-06-15T19:14:19","modified_gmt":"2017-06-15T19:14:19","slug":"rick-fala-sobre-jogo-contra-a-ford-a-briga-pela-artilharia-com-fabinho","status":"publish","type":"post","link":"https:\/\/www.federacaopaulistadefutsal.com.br\/novo\/rick-fala-sobre-jogo-contra-a-ford-a-briga-pela-artilharia-com-fabinho\/","title":{"rendered":"Rick fala sobre jogo contra o Taubat\u00e9 e a briga pela artilharia da competi\u00e7\u00e3o"},"content":{"rendered":"<p>Ap\u00f3s uma semana sem jogos e de treinos f\u00edsicos e t\u00e1ticos, o Tempersul\/Dracena volta \u00e0 quadra nesta quinta-feira (15) \u00e0s 20h para enfrentar o l\u00edder do Grupo B, ADC Ford\/Taubat\u00e9, fora de casa. Apenas um ponto separa os dracenenses do G-4.\u00a0 A equipe est\u00e1 empatada em pontua\u00e7\u00e3o com o quarto colocado, o Yoka\/ACR\/Unisal, e vai em busca da vit\u00f3ria para entrar no grupo que avan\u00e7a para a pr\u00f3xima fase da Liga Paulista.<br \/>\nO piv\u00f4 Rick, do Tempersul\/Dracena, comentou a sua expectativa para o duelo. \u201cSer\u00e1 uma partida de muita marca\u00e7\u00e3o. A quadra do Taubat\u00e9 n\u00e3o tem a medida 40 x 20 metros, mas a nossa equipe trabalhou em uma quadra reduzida pra compactar a marca\u00e7\u00e3o\u201d.<br \/>\nA equipe dracenense est\u00e1 h\u00e1 cinco jogos sem perder e, vem sendo um visitante indigesto, prova disso foi o empate contra o Corinthians no Parque S\u00e3o Jorge e as goleadas contra Hortol\u00e2ndia e Araraquara.<br \/>\n\u201cSempre fizemos bons jogos fora de casa, mas sempre pec\u00e1vamos nos \u00faltimos momentos. N\u00e3o perdemos os dois \u00faltimos jogos fora, e ainda tivemos uma margem de erro muito baixa. Isso ser\u00e1 um diferencial nessa partida para n\u00f3s\u201d, comentou Rick.<br \/>\n<strong>DUELO DE ARTILHEIROS<\/strong><br \/>\nO embate entre ADC Ford\/Taubat\u00e9 e Tempersul\/Dracena ter\u00e1 um desafio a parte: a briga pela artilharia da Liga. Do lado taubateano, Fabinho, artilheiro da edi\u00e7\u00e3o 2016 e o maior marcador da LPF 2017 at\u00e9 o momento com 13 gols. Do lado dracenense, Rick, vice artilheiro da edi\u00e7\u00e3o deste ano com 10 tentos.<br \/>\nRick comentou o encontro com muito bom humor. \u201cEle (Fabinho) est\u00e1 com tr\u00eas gols na minha frente. Espero fazer uma \u00f3tima partida juntamente com meus companheiros para que eu marque quatro gols e ele nenhum\u201d.<br \/>\n<em>Com informa\u00e7\u00f5es: King Assessoria | Foto: Daniel Ledo<\/em><\/p>\n","protected":false},"excerpt":{"rendered":"<p>Ap\u00f3s uma semana sem jogos e de treinos f\u00edsicos e t\u00e1ticos, o Tempersul\/Dracena volta \u00e0 quadra nesta quinta-feira (15) \u00e0s<\/p>\n","protected":false},"author":1,"featured_media":16466,"comment_status":"closed","ping_status":"open","sticky":false,"template":"","format":"standard","meta":{"footnotes":""},"categories":[31],"tags":[653,1037,1556,2429],"class_list":["post-16465","post","type-post","status-publish","format-standard","has-post-thumbnail","hentry","category-liga-paulista-de-futsal","tag-competicoes","tag-federacao-paulista-de-futsal","tag-lpf","tag-tempersuldracena"],"_links":{"self":[{"href":"https:\/\/www.federacaopaulistadefutsal.com.br\/novo\/wp-json\/wp\/v2\/posts\/16465","targetHints":{"allow":["GET"]}}],"collection":[{"href":"https:\/\/www.federacaopaulistadefutsal.com.br\/novo\/wp-json\/wp\/v2\/posts"}],"about":[{"href":"https:\/\/www.federacaopaulistadefutsal.com.br\/novo\/wp-json\/wp\/v2\/types\/post"}],"author":[{"embeddable":true,"href":"https:\/\/www.federacaopaulistadefutsal.com.br\/novo\/wp-json\/wp\/v2\/users\/1"}],"replies":[{"embeddable":true,"href":"https:\/\/www.federacaopaulistadefutsal.com.br\/novo\/wp-json\/wp\/v2\/comments?post=16465"}],"version-history":[{"count":0,"href":"https:\/\/www.federacaopaulistadefutsal.com.br\/novo\/wp-json\/wp\/v2\/posts\/16465\/revisions"}],"wp:featuredmedia":[{"embeddable":true,"href":"https:\/\/www.federacaopaulistadefutsal.com.br\/novo\/wp-json\/"}],"wp:attachment":[{"href":"https:\/\/www.federacaopaulistadefutsal.com.br\/novo\/wp-json\/wp\/v2\/media?parent=16465"}],"wp:term":[{"taxonomy":"category","embeddable":true,"href":"https:\/\/www.federacaopaulistadefutsal.com.br\/novo\/wp-json\/wp\/v2\/categories?post=16465"},{"taxonomy":"post_tag","embeddable":true,"href":"https:\/\/www.federacaopaulistadefutsal.com.br\/novo\/wp-json\/wp\/v2\/tags?post=16465"}],"curies":[{"name":"wp","href":"https:\/\/api.w.org\/{rel}","templated":true}]}}