{"id":16557,"date":"2017-06-20T13:21:19","date_gmt":"2017-06-20T13:21:19","guid":{"rendered":"http:\/\/www.federacaopaulistadefutsal.com.br\/?p=16557"},"modified":"2017-06-20T13:21:19","modified_gmt":"2017-06-20T13:21:19","slug":"sub-12-serie-prata-a2-santo-andre-vence-praia-grande-ocian-c-t-c-vila-ema-e-tabuca-juniors-empatam","status":"publish","type":"post","link":"https:\/\/www.federacaopaulistadefutsal.com.br\/novo\/sub-12-serie-prata-a2-santo-andre-vence-praia-grande-ocian-c-t-c-vila-ema-e-tabuca-juniors-empatam\/","title":{"rendered":"Sub-12 S\u00e9rie Prata A2: Santo Andr\u00e9 vence Praia Grande Ocian; C.T.C. Vila Ema e Tabuca Juniors empatam"},"content":{"rendered":"<p>Mais uma rodada do Metropolitano S\u00e9rie Ouro A2 categoria sub-12 aconteceu neste final de semana. Dois jogos movimentaram a rodada, sendo um no s\u00e1bado (17) e outro no domingo (18). Confira os resultados e quem lidera a competi\u00e7\u00e3o:<br \/>\n17\/06\/17 12:00 &#8211; Gin\u00e1sio Presidente Ciro I<br \/>\n<b>C.A. Tabuca Juniors 3 x 3\u00a0C.T.C. Vila Ema\u00a0<\/b><br \/>\nGols: Rafael Henrique, Juan e Gabriel &#8211; Tabuca Juniors<br \/>\nKaique, Enzo e Luan &#8211; C.T.C. Vila Ema<br \/>\n&nbsp;<br \/>\n18\/06\/17 12:00 &#8211; Gin\u00e1sio Presidente Ciro I<br \/>\n<b>A.A. Praia Grande\/Ocian P.C. 3 x 4\u00a0A.D. Santo Andr\u00e9 Futsal<\/b><br \/>\nGols: Gabriel, Miguel (contra) e Raul &#8211; A.A. Praia Grande<br \/>\nVictor, Horario, Gabriel e Pedro &#8211; Sandro Andr\u00e9 Futsal<br \/>\n&nbsp;<br \/>\n<a href=\"http:\/\/www.federacaopaulistadefutsal.com.br\/wp-content\/uploads\/2017\/06\/Sem-t\u00edtulo-2.jpg\"><img fetchpriority=\"high\" decoding=\"async\" class=\" wp-image-16562 aligncenter\" src=\"http:\/\/www.federacaopaulistadefutsal.com.br\/wp-content\/uploads\/2017\/06\/Sem-t\u00edtulo-2.jpg\" alt=\"\" width=\"814\" height=\"253\" \/><\/a><\/p>\n","protected":false},"excerpt":{"rendered":"<p>Mais uma rodada do Metropolitano S\u00e9rie Ouro A2 categoria sub-12 aconteceu neste final de semana. Dois jogos movimentaram a rodada,<\/p>\n","protected":false},"author":1,"featured_media":16560,"comment_status":"closed","ping_status":"open","sticky":false,"template":"","format":"standard","meta":{"footnotes":""},"categories":[33,19],"tags":[124,480,41,42,2282],"class_list":["post-16557","post","type-post","status-publish","format-standard","has-post-thumbnail","hentry","category-menores","category-metropolitano-base-a2","tag-a2","tag-campeonato-metropolitano-da-serie-a2","tag-categorias-menores","tag-fpfs","tag-serie-ouro"],"_links":{"self":[{"href":"https:\/\/www.federacaopaulistadefutsal.com.br\/novo\/wp-json\/wp\/v2\/posts\/16557","targetHints":{"allow":["GET"]}}],"collection":[{"href":"https:\/\/www.federacaopaulistadefutsal.com.br\/novo\/wp-json\/wp\/v2\/posts"}],"about":[{"href":"https:\/\/www.federacaopaulistadefutsal.com.br\/novo\/wp-json\/wp\/v2\/types\/post"}],"author":[{"embeddable":true,"href":"https:\/\/www.federacaopaulistadefutsal.com.br\/novo\/wp-json\/wp\/v2\/users\/1"}],"replies":[{"embeddable":true,"href":"https:\/\/www.federacaopaulistadefutsal.com.br\/novo\/wp-json\/wp\/v2\/comments?post=16557"}],"version-history":[{"count":0,"href":"https:\/\/www.federacaopaulistadefutsal.com.br\/novo\/wp-json\/wp\/v2\/posts\/16557\/revisions"}],"wp:featuredmedia":[{"embeddable":true,"href":"https:\/\/www.federacaopaulistadefutsal.com.br\/novo\/wp-json\/"}],"wp:attachment":[{"href":"https:\/\/www.federacaopaulistadefutsal.com.br\/novo\/wp-json\/wp\/v2\/media?parent=16557"}],"wp:term":[{"taxonomy":"category","embeddable":true,"href":"https:\/\/www.federacaopaulistadefutsal.com.br\/novo\/wp-json\/wp\/v2\/categories?post=16557"},{"taxonomy":"post_tag","embeddable":true,"href":"https:\/\/www.federacaopaulistadefutsal.com.br\/novo\/wp-json\/wp\/v2\/tags?post=16557"}],"curies":[{"name":"wp","href":"https:\/\/api.w.org\/{rel}","templated":true}]}}