{"id":16646,"date":"2017-06-22T16:24:33","date_gmt":"2017-06-22T16:24:33","guid":{"rendered":"http:\/\/www.federacaopaulistadefutsal.com.br\/?p=16646"},"modified":"2017-06-22T16:24:33","modified_gmt":"2017-06-22T16:24:33","slug":"sub-20-do-corinthians-enfrenta-elite-itaquerense-pelas-semifinais-do-metropolitano","status":"publish","type":"post","link":"https:\/\/www.federacaopaulistadefutsal.com.br\/novo\/sub-20-do-corinthians-enfrenta-elite-itaquerense-pelas-semifinais-do-metropolitano\/","title":{"rendered":"Sub-20 do Corinthians enfrenta Elite Itaquerense\/Juventude Arm\u00eania pelas semifinais do Metropolitano"},"content":{"rendered":"<p>Nesta quinta-feira (22), a equipe Sub-20 do Corinthians enfrenta o Elite Itaquerense\/Juventude Arm\u00eania \u00a0no Gin\u00e1sio Presidente Ciro II, \u00e0s 20h00, pela primeira partida das semifinais do Campeonato Metropolitano S\u00e9rie A1.<br \/>\nNa primeira fase, a equipe do Parque S\u00e3o Jorge teve o melhor desempenho dentre as participantes, com 100% de aproveitamento. Foram oito vit\u00f3rias em oito jogos, somando 24 pontos. O Alvinegro det\u00e9m tamb\u00e9m o melhor ataque e a melhor defesa do torneio, com 50 gols marcados e apenas 12 sofridos.<br \/>\nCom 15 pontos, o advers\u00e1rio do Corinthians classificou-se na quarta coloca\u00e7\u00e3o da tabela. Durante a primeira fase, as equipes se enfrentaram tamb\u00e9m no Gin\u00e1sio Presidente Ciro II, e o Tim\u00e3o venceu por 6 a 1. Motta (2), Perin, Antoniazzi, Jo\u00e3o Guilherme e Klyschilan marcaram os gols corinthianos.<br \/>\nO t\u00e9cnico da categoria Sub-20 do Corinthians, Wilton Santana, ressaltou a competitividade das fases finais e a expectativa de uma partida disputada.<br \/>\n\u201cTrata-se de um novo campeonato, com um elevado n\u00edvel de motiva\u00e7\u00e3o para as equipes semifinalistas. Por isso, precisamos entrar em quadra na quinta-feira muito mais concentrados e decisivos\u201d, afirmou o treinador.<br \/>\n<em>Informa\u00e7\u00f5es: Ag\u00eancia Corinthians<\/em><br \/>\n<em>Foto: Divulga\u00e7\u00e3o<\/em><\/p>\n","protected":false},"excerpt":{"rendered":"<p>Nesta quinta-feira (22), a equipe Sub-20 do Corinthians enfrenta o Elite Itaquerense\/Juventude Arm\u00eania \u00a0no Gin\u00e1sio Presidente Ciro II, \u00e0s 20h00,<\/p>\n","protected":false},"author":1,"featured_media":16648,"comment_status":"closed","ping_status":"open","sticky":false,"template":"","format":"standard","meta":{"footnotes":""},"categories":[13],"tags":[479,549,920,42,2153],"class_list":["post-16646","post","type-post","status-publish","format-standard","has-post-thumbnail","hentry","category-metropolitano-sub-20","tag-campeonato-metropolitano-a1","tag-categoria-sub-20","tag-elite-itaquerense","tag-fpfs","tag-s-c-corinthians-paulista"],"_links":{"self":[{"href":"https:\/\/www.federacaopaulistadefutsal.com.br\/novo\/wp-json\/wp\/v2\/posts\/16646","targetHints":{"allow":["GET"]}}],"collection":[{"href":"https:\/\/www.federacaopaulistadefutsal.com.br\/novo\/wp-json\/wp\/v2\/posts"}],"about":[{"href":"https:\/\/www.federacaopaulistadefutsal.com.br\/novo\/wp-json\/wp\/v2\/types\/post"}],"author":[{"embeddable":true,"href":"https:\/\/www.federacaopaulistadefutsal.com.br\/novo\/wp-json\/wp\/v2\/users\/1"}],"replies":[{"embeddable":true,"href":"https:\/\/www.federacaopaulistadefutsal.com.br\/novo\/wp-json\/wp\/v2\/comments?post=16646"}],"version-history":[{"count":0,"href":"https:\/\/www.federacaopaulistadefutsal.com.br\/novo\/wp-json\/wp\/v2\/posts\/16646\/revisions"}],"wp:featuredmedia":[{"embeddable":true,"href":"https:\/\/www.federacaopaulistadefutsal.com.br\/novo\/wp-json\/"}],"wp:attachment":[{"href":"https:\/\/www.federacaopaulistadefutsal.com.br\/novo\/wp-json\/wp\/v2\/media?parent=16646"}],"wp:term":[{"taxonomy":"category","embeddable":true,"href":"https:\/\/www.federacaopaulistadefutsal.com.br\/novo\/wp-json\/wp\/v2\/categories?post=16646"},{"taxonomy":"post_tag","embeddable":true,"href":"https:\/\/www.federacaopaulistadefutsal.com.br\/novo\/wp-json\/wp\/v2\/tags?post=16646"}],"curies":[{"name":"wp","href":"https:\/\/api.w.org\/{rel}","templated":true}]}}