{"id":16710,"date":"2017-06-25T16:06:37","date_gmt":"2017-06-25T16:06:37","guid":{"rendered":"http:\/\/www.federacaopaulistadefutsal.com.br\/?p=16710"},"modified":"2017-06-25T16:06:37","modified_gmt":"2017-06-25T16:06:37","slug":"franco-da-rocha-futsal-e-campeao-da-serie-prata-a2-categoria-sub-18","status":"publish","type":"post","link":"https:\/\/www.federacaopaulistadefutsal.com.br\/novo\/franco-da-rocha-futsal-e-campeao-da-serie-prata-a2-categoria-sub-18\/","title":{"rendered":"Franco da Rocha Futsal \u00e9 campe\u00e3o da S\u00e9rie Prata A2 categoria Sub-18"},"content":{"rendered":"<p>Mais uma rodada de finais aconteceu durante a manh\u00e3 deste domingo (25). Franco da Rocha e Liga Leste Reabilitar se enfrentaram no Gin\u00e1sio Presidente Ciro II, com o time da regi\u00e3o metropolitana de S\u00e3o Paulo sagrando-se campe\u00e3o do Metropolitano S\u00e9rie Prata A2 na categoria sub-18<br \/>\nCom o placar de 5 a 1 e o t\u00edtulo da competi\u00e7\u00e3o, o Franco da Rocha somou mais um caneco na conta: na final realizada ontem (24) pela S\u00e9rie Bronze A2 categoria sub-14, o time de Franco da Rocha venceu o Santo Andr\u00e9, por 1 a 0, com gol de William.<br \/>\nNo confronto de hoje, quem anotou os gols que \u00a0garantiu o segundo t\u00edtulo foram: Leandro Antunes (2), Kaique, Lucas Henrique e Fernando Gil. O time da Liga Leste ainda descontou com Lucas Alves.<br \/>\n<figure id=\"attachment_16712\" aria-describedby=\"caption-attachment-16712\" style=\"width: 562px\" class=\"wp-caption aligncenter\"><a href=\"http:\/\/www.federacaopaulistadefutsal.com.br\/wp-content\/uploads\/2017\/06\/19495961_1222049201237761_212751521_o.jpg\"><img fetchpriority=\"high\" decoding=\"async\" class=\"wp-image-16712\" src=\"http:\/\/www.federacaopaulistadefutsal.com.br\/wp-content\/uploads\/2017\/06\/19495961_1222049201237761_212751521_o.jpg\" alt=\"\" width=\"562\" height=\"316\" \/><\/a><figcaption id=\"caption-attachment-16712\" class=\"wp-caption-text\">A Liga Leste Reabilitar n\u00e3o conseguiu reverter o resultado e ficou com vice-campeonato.<\/figcaption><\/figure><br \/>\n&nbsp;<\/p>\n","protected":false},"excerpt":{"rendered":"<p>Mais uma rodada de finais aconteceu durante a manh\u00e3 deste domingo (25). Franco da Rocha e Liga Leste Reabilitar se<\/p>\n","protected":false},"author":1,"featured_media":16711,"comment_status":"closed","ping_status":"open","sticky":false,"template":"","format":"standard","meta":{"footnotes":""},"categories":[19],"tags":[1071,42,1119,44,1652,2285,2341],"class_list":["post-16710","post","type-post","status-publish","format-standard","has-post-thumbnail","hentry","category-metropolitano-base-a2","tag-final","tag-fpfs","tag-franco-da-rocha-futsal","tag-liga-leste-reabilitar","tag-metropolitano-a2","tag-serie-prata","tag-sub-18"],"_links":{"self":[{"href":"https:\/\/www.federacaopaulistadefutsal.com.br\/novo\/wp-json\/wp\/v2\/posts\/16710","targetHints":{"allow":["GET"]}}],"collection":[{"href":"https:\/\/www.federacaopaulistadefutsal.com.br\/novo\/wp-json\/wp\/v2\/posts"}],"about":[{"href":"https:\/\/www.federacaopaulistadefutsal.com.br\/novo\/wp-json\/wp\/v2\/types\/post"}],"author":[{"embeddable":true,"href":"https:\/\/www.federacaopaulistadefutsal.com.br\/novo\/wp-json\/wp\/v2\/users\/1"}],"replies":[{"embeddable":true,"href":"https:\/\/www.federacaopaulistadefutsal.com.br\/novo\/wp-json\/wp\/v2\/comments?post=16710"}],"version-history":[{"count":0,"href":"https:\/\/www.federacaopaulistadefutsal.com.br\/novo\/wp-json\/wp\/v2\/posts\/16710\/revisions"}],"wp:featuredmedia":[{"embeddable":true,"href":"https:\/\/www.federacaopaulistadefutsal.com.br\/novo\/wp-json\/"}],"wp:attachment":[{"href":"https:\/\/www.federacaopaulistadefutsal.com.br\/novo\/wp-json\/wp\/v2\/media?parent=16710"}],"wp:term":[{"taxonomy":"category","embeddable":true,"href":"https:\/\/www.federacaopaulistadefutsal.com.br\/novo\/wp-json\/wp\/v2\/categories?post=16710"},{"taxonomy":"post_tag","embeddable":true,"href":"https:\/\/www.federacaopaulistadefutsal.com.br\/novo\/wp-json\/wp\/v2\/tags?post=16710"}],"curies":[{"name":"wp","href":"https:\/\/api.w.org\/{rel}","templated":true}]}}