{"id":16801,"date":"2017-06-29T20:17:07","date_gmt":"2017-06-29T20:17:07","guid":{"rendered":"http:\/\/www.federacaopaulistadefutsal.com.br\/?p=16801"},"modified":"2017-06-29T20:17:07","modified_gmt":"2017-06-29T20:17:07","slug":"sub-20-corinthians-e-elite-itaquerense-se-enfrentam-no-jogo-de-volta-das-semifinais-do-metropolitano-a1","status":"publish","type":"post","link":"https:\/\/www.federacaopaulistadefutsal.com.br\/novo\/sub-20-corinthians-e-elite-itaquerense-se-enfrentam-no-jogo-de-volta-das-semifinais-do-metropolitano-a1\/","title":{"rendered":"Sub-20: Corinthians e Elite Itaquerense se enfrentam no jogo de volta das semifinais do Metropolitano A1"},"content":{"rendered":"<p>Nesta quinta-feira (29), Corinthians e \u00a0Elite Itaquerense\/Juventude Arm\u00eania se enfrentam \u00a0no Gin\u00e1sio Poliesportivo Wlamir Marques, \u00e0s 19h, na partida de volta das semifinais do Campeonato Metropolitano da categoria sub-20.<br \/>\nNo jogo de ida, o Corinthians venceu o advers\u00e1rio pelo placar de 5 a 1, no Gin\u00e1sio Presidente Ciro II. Gabriel, Jo\u00e3o Guilherme, Higor, Giovanny e Murilo balan\u00e7aram as redes pelo alvinegro, enquanto Anderson descontou para o Elite Itaquerense. Um empate no tempo normal garante o Alvinegro em mais uma final do torneio.<br \/>\nEm caso de derrota do time alvinegro no tempo normal, ser\u00e1 disputada uma prorroga\u00e7\u00e3o, onde a equipe do Parque S\u00e3o Jorge ter\u00e1 a vantagem do empate por ter feito melhor campanha na primeira fase &#8211; primeiro lugar da chave com 24 pontos. O Elite Itaquerense\/Juventude Arm\u00eania terminou em quinto, com 12.<br \/>\nPara Wilton Santana, treinador do sub-20 do Corinthians, a vit\u00f3ria na partida de ida n\u00e3o \u00e9 garantia e o jogo deve ser disputado com concentra\u00e7\u00e3o.<br \/>\n\u201cApesar da vit\u00f3ria no primeiro confronto, n\u00e3o est\u00e1 garantida nossa vaga na final. O resultado pertence ao passado. Por isso, entraremos absolutamente concentrados no jogo para conquistar nossa meta, que \u00e9 confirmar nossa classifica\u00e7\u00e3o\u201d, afirmou Wilton.<br \/>\n<em>Informa\u00e7\u00f5es: Ag\u00eancia Corinthians<\/em><\/p>\n","protected":false},"excerpt":{"rendered":"<p>Nesta quinta-feira (29), Corinthians e \u00a0Elite Itaquerense\/Juventude Arm\u00eania se enfrentam \u00a0no Gin\u00e1sio Poliesportivo Wlamir Marques, \u00e0s 19h, na partida de<\/p>\n","protected":false},"author":1,"featured_media":16803,"comment_status":"closed","ping_status":"open","sticky":false,"template":"","format":"standard","meta":{"footnotes":""},"categories":[13],"tags":[549,920,42,2153,2264],"class_list":["post-16801","post","type-post","status-publish","format-standard","has-post-thumbnail","hentry","category-metropolitano-sub-20","tag-categoria-sub-20","tag-elite-itaquerense","tag-fpfs","tag-s-c-corinthians-paulista","tag-semifinal"],"_links":{"self":[{"href":"https:\/\/www.federacaopaulistadefutsal.com.br\/novo\/wp-json\/wp\/v2\/posts\/16801","targetHints":{"allow":["GET"]}}],"collection":[{"href":"https:\/\/www.federacaopaulistadefutsal.com.br\/novo\/wp-json\/wp\/v2\/posts"}],"about":[{"href":"https:\/\/www.federacaopaulistadefutsal.com.br\/novo\/wp-json\/wp\/v2\/types\/post"}],"author":[{"embeddable":true,"href":"https:\/\/www.federacaopaulistadefutsal.com.br\/novo\/wp-json\/wp\/v2\/users\/1"}],"replies":[{"embeddable":true,"href":"https:\/\/www.federacaopaulistadefutsal.com.br\/novo\/wp-json\/wp\/v2\/comments?post=16801"}],"version-history":[{"count":0,"href":"https:\/\/www.federacaopaulistadefutsal.com.br\/novo\/wp-json\/wp\/v2\/posts\/16801\/revisions"}],"wp:featuredmedia":[{"embeddable":true,"href":"https:\/\/www.federacaopaulistadefutsal.com.br\/novo\/wp-json\/"}],"wp:attachment":[{"href":"https:\/\/www.federacaopaulistadefutsal.com.br\/novo\/wp-json\/wp\/v2\/media?parent=16801"}],"wp:term":[{"taxonomy":"category","embeddable":true,"href":"https:\/\/www.federacaopaulistadefutsal.com.br\/novo\/wp-json\/wp\/v2\/categories?post=16801"},{"taxonomy":"post_tag","embeddable":true,"href":"https:\/\/www.federacaopaulistadefutsal.com.br\/novo\/wp-json\/wp\/v2\/tags?post=16801"}],"curies":[{"name":"wp","href":"https:\/\/api.w.org\/{rel}","templated":true}]}}