{"id":17046,"date":"2017-07-06T17:30:58","date_gmt":"2017-07-06T17:30:58","guid":{"rendered":"http:\/\/www.federacaopaulistadefutsal.com.br\/?p=17046"},"modified":"2017-07-06T17:30:58","modified_gmt":"2017-07-06T17:30:58","slug":"fpfs-inova-em-suas-transmissoes-pelo-facebook","status":"publish","type":"post","link":"https:\/\/www.federacaopaulistadefutsal.com.br\/novo\/fpfs-inova-em-suas-transmissoes-pelo-facebook\/","title":{"rendered":"FPFS inova em suas transmiss\u00f5es pelo Facebook"},"content":{"rendered":"<p>A FPFS (Federa\u00e7\u00e3o Paulista de Futsal) vai promover uma iniciativa diferente para exibi\u00e7\u00e3o no <strong><a href=\"https:\/\/www.facebook.com\/FutsalPaulistaOficial\/\" target=\"_blank\" rel=\"noopener\">Facebook<\/a> <\/strong>das finais do Campeonato Metropolitano de base. A arbitragem ir\u00e1 usar microfones sem fio e ter\u00e1 intera\u00e7\u00e3o com a transmiss\u00e3o do jogo pelas redes sociais, um feito que passar a ser \u00fanico no pa\u00eds.<br \/>\nfora do pa\u00eds, a iniciativa j\u00e1 acontece em jogos da NFL (Liga de Futebol Americano), partidas de r\u00fagbi e na Liga de Basquete Americano (NBA).<br \/>\nAs partidas acontecem neste s\u00e1bado (dia 8), no gin\u00e1sio Presidente Ciro II, em S\u00e3o<br \/>\nPaulo. A ideia \u00e9 que o telespectador possa acompanhar as decis\u00f5es.<br \/>\nJogos:<br \/>\n<span class=\"text_exposed_show\"><a href=\"http:\/\/www.federacaopaulistadefutsal.com.br\/wp-content\/uploads\/2017\/07\/WhatsApp-Image-2017-07-05-at-19.00.35-1.jpeg\"><img fetchpriority=\"high\" decoding=\"async\" class=\"aligncenter size-full wp-image-17044\" src=\"http:\/\/www.federacaopaulistadefutsal.com.br\/wp-content\/uploads\/2017\/07\/WhatsApp-Image-2017-07-05-at-19.00.35-1.jpeg\" alt=\"\" width=\"1280\" height=\"720\" \/><\/a><br \/>\nCategoria Sub 12 &#8211; 17h00<br \/>\nSC Corinthians Paulista x Clube Atl\u00e9tico Juventus<\/span><br \/>\nCategoria Sub 14 &#8211; 15h00<br \/>\nMagnus Futsal x SE Palmeiras<br \/>\nCategoria Sub 16 &#8211; 13h00<br \/>\nS.E. Palmeiras x Gr\u00eamio Osasco Audax<br \/>\nCategoria Sub 18 &#8211; 11h00<br \/>\nS.E. Palmeiras x S\u00e3oCaetano Futsal<br \/>\n<a class=\"_58cn\" href=\"https:\/\/www.facebook.com\/hashtag\/finaisbasefpfs?source=feed_text&amp;story_id=1390082371046506\" data-ft=\"{&quot;tn&quot;:&quot;*N&quot;,&quot;type&quot;:104}\"><span class=\"_5afx\"><span class=\"_58cl _5afz\" aria-label=\"hashtag\">#<\/span><span class=\"_58cm\">FINAISBASEFPFS<\/span><\/span><\/a>\u00a0<a class=\"_58cn\" href=\"https:\/\/www.facebook.com\/hashtag\/tvfpfs?source=feed_text&amp;story_id=1390082371046506\" data-ft=\"{&quot;tn&quot;:&quot;*N&quot;,&quot;type&quot;:104}\"><span class=\"_5afx\"><span class=\"_58cl _5afz\" aria-label=\"hashtag\">#<\/span><span class=\"_58cm\">TVFPFS<\/span><\/span><\/a>\u00a0<a class=\"_58cn\" href=\"https:\/\/www.facebook.com\/hashtag\/futsalpaulista?source=feed_text&amp;story_id=1390082371046506\" data-ft=\"{&quot;tn&quot;:&quot;*N&quot;,&quot;type&quot;:104}\"><span class=\"_5afx\"><span class=\"_58cl _5afz\" aria-label=\"hashtag\">#<\/span><span class=\"_58cm\">FUTSALPAULISTA<\/span><\/span><\/a><\/p>\n","protected":false},"excerpt":{"rendered":"<p>A FPFS (Federa\u00e7\u00e3o Paulista de Futsal) vai promover uma iniciativa diferente para exibi\u00e7\u00e3o no Facebook das finais do Campeonato Metropolitano<\/p>\n","protected":false},"author":1,"featured_media":17049,"comment_status":"closed","ping_status":"open","sticky":false,"template":"","format":"standard","meta":{"footnotes":""},"categories":[21,25,28,12],"tags":[256,1070,42,1150,2426],"class_list":["post-17046","post","type-post","status-publish","format-standard","has-post-thumbnail","hentry","category-arbitragem","category-destaques","category-fpfs-acontece","category-metropolitano-base-a1","tag-arbitragem","tag-finais","tag-fpfs","tag-futsal-menores","tag-tecnologia"],"_links":{"self":[{"href":"https:\/\/www.federacaopaulistadefutsal.com.br\/novo\/wp-json\/wp\/v2\/posts\/17046","targetHints":{"allow":["GET"]}}],"collection":[{"href":"https:\/\/www.federacaopaulistadefutsal.com.br\/novo\/wp-json\/wp\/v2\/posts"}],"about":[{"href":"https:\/\/www.federacaopaulistadefutsal.com.br\/novo\/wp-json\/wp\/v2\/types\/post"}],"author":[{"embeddable":true,"href":"https:\/\/www.federacaopaulistadefutsal.com.br\/novo\/wp-json\/wp\/v2\/users\/1"}],"replies":[{"embeddable":true,"href":"https:\/\/www.federacaopaulistadefutsal.com.br\/novo\/wp-json\/wp\/v2\/comments?post=17046"}],"version-history":[{"count":0,"href":"https:\/\/www.federacaopaulistadefutsal.com.br\/novo\/wp-json\/wp\/v2\/posts\/17046\/revisions"}],"wp:featuredmedia":[{"embeddable":true,"href":"https:\/\/www.federacaopaulistadefutsal.com.br\/novo\/wp-json\/"}],"wp:attachment":[{"href":"https:\/\/www.federacaopaulistadefutsal.com.br\/novo\/wp-json\/wp\/v2\/media?parent=17046"}],"wp:term":[{"taxonomy":"category","embeddable":true,"href":"https:\/\/www.federacaopaulistadefutsal.com.br\/novo\/wp-json\/wp\/v2\/categories?post=17046"},{"taxonomy":"post_tag","embeddable":true,"href":"https:\/\/www.federacaopaulistadefutsal.com.br\/novo\/wp-json\/wp\/v2\/tags?post=17046"}],"curies":[{"name":"wp","href":"https:\/\/api.w.org\/{rel}","templated":true}]}}