{"id":17060,"date":"2017-07-07T20:50:24","date_gmt":"2017-07-07T20:50:24","guid":{"rendered":"http:\/\/www.federacaopaulistadefutsal.com.br\/?p=17060"},"modified":"2017-07-07T20:50:24","modified_gmt":"2017-07-07T20:50:24","slug":"wilton-exalta-conquista-da-taca-trabalhamos-muito-aqui-no-corinthians","status":"publish","type":"post","link":"https:\/\/www.federacaopaulistadefutsal.com.br\/novo\/wilton-exalta-conquista-da-taca-trabalhamos-muito-aqui-no-corinthians\/","title":{"rendered":"Wilton exalta conquista da ta\u00e7a: &quot;Trabalhamos muito aqui no Corinthians&quot;"},"content":{"rendered":"<p>Na \u00faltima quinta-feira (6), a equipe Sub-20 de futsal do Corinthians derrotou o Magnus Futsal, por 6 a 2, no Gin\u00e1sio Poliesportivo Wlamir Marques e conquistou o t\u00edtulo do Campeonato Metropolitano pela nona vez consecutiva.\u00a0Sem perder este ano, o time comandado pelo treinador Wilton Santana n\u00e3o venceu apenas uma vez; na partida de ida da decis\u00e3o, na ter\u00e7a-feira (04), em Sorocaba, que acabou no placar de 1 a 1.<br \/>\nAp\u00f3s o titulo, o t\u00e9cnico Wilton Santana comentou o desempenho da equipe na partida de volta, e quais foram as diferen\u00e7as para a partida disputada em Sorocaba.<br \/>\n&#8220;Em Sorocaba,\u00a0o percentual de posse de bola foi mais 80% para n\u00f3s mas\u00a0n\u00e3o conseguimos aproveitar as chances de gol. O que da seguran\u00e7a para jogar\u00a0\u00e9 ir vencendo ao longo do jogo, at\u00e9 o minuto final. Voltamos no segundo tempo fazendo tr\u00eas gols e conseguimos esta seguran\u00e7a para enfrentar um goleiro linha com\u00a0a possibilidade de tomar alguns gols, que foi o que aconteceu.&#8221;<br \/>\nWilton comemorou muito o t\u00edtulo e agradeceu \u00e0 comiss\u00e3o t\u00e9cnica, aos jogadores e a diretoria pelo apoio e suporte ao longo da temporada.<br \/>\n&#8220;Trabalhamos muito aqui no Corinthians, treinamos dois per\u00edodos,\u00a0aplicamos\u00a0um regime profissional em uma equipe juvenil.\u00a0Temos uma comiss\u00e3o t\u00e9cnica muito qualificada e\u00a0isso me ajuda muito, ningu\u00e9m ganha nada sozinho.\u00a0Meu trabalho \u00e9 facilitado por uma boa diretoria,\u00a0comiss\u00e3o t\u00e9cnica e \u00f3timos jogadores&#8221;, afirmou.<br \/>\n<em>Informa\u00e7\u00f5es e foto: Ag\u00eancia Corinthians<\/em><\/p>\n","protected":false},"excerpt":{"rendered":"<p>Na \u00faltima quinta-feira (6), a equipe Sub-20 de futsal do Corinthians derrotou o Magnus Futsal, por 6 a 2, no<\/p>\n","protected":false},"author":1,"featured_media":17061,"comment_status":"closed","ping_status":"open","sticky":false,"template":"","format":"standard","meta":{"footnotes":""},"categories":[25,13],"tags":[479,549,1037,1071,2151],"class_list":["post-17060","post","type-post","status-publish","format-standard","has-post-thumbnail","hentry","category-destaques","category-metropolitano-sub-20","tag-campeonato-metropolitano-a1","tag-categoria-sub-20","tag-federacao-paulista-de-futsal","tag-final","tag-s-c-corinthians"],"_links":{"self":[{"href":"https:\/\/www.federacaopaulistadefutsal.com.br\/novo\/wp-json\/wp\/v2\/posts\/17060","targetHints":{"allow":["GET"]}}],"collection":[{"href":"https:\/\/www.federacaopaulistadefutsal.com.br\/novo\/wp-json\/wp\/v2\/posts"}],"about":[{"href":"https:\/\/www.federacaopaulistadefutsal.com.br\/novo\/wp-json\/wp\/v2\/types\/post"}],"author":[{"embeddable":true,"href":"https:\/\/www.federacaopaulistadefutsal.com.br\/novo\/wp-json\/wp\/v2\/users\/1"}],"replies":[{"embeddable":true,"href":"https:\/\/www.federacaopaulistadefutsal.com.br\/novo\/wp-json\/wp\/v2\/comments?post=17060"}],"version-history":[{"count":0,"href":"https:\/\/www.federacaopaulistadefutsal.com.br\/novo\/wp-json\/wp\/v2\/posts\/17060\/revisions"}],"wp:featuredmedia":[{"embeddable":true,"href":"https:\/\/www.federacaopaulistadefutsal.com.br\/novo\/wp-json\/"}],"wp:attachment":[{"href":"https:\/\/www.federacaopaulistadefutsal.com.br\/novo\/wp-json\/wp\/v2\/media?parent=17060"}],"wp:term":[{"taxonomy":"category","embeddable":true,"href":"https:\/\/www.federacaopaulistadefutsal.com.br\/novo\/wp-json\/wp\/v2\/categories?post=17060"},{"taxonomy":"post_tag","embeddable":true,"href":"https:\/\/www.federacaopaulistadefutsal.com.br\/novo\/wp-json\/wp\/v2\/tags?post=17060"}],"curies":[{"name":"wp","href":"https:\/\/api.w.org\/{rel}","templated":true}]}}