{"id":17152,"date":"2017-07-10T20:52:09","date_gmt":"2017-07-10T20:52:09","guid":{"rendered":"http:\/\/www.federacaopaulistadefutsal.com.br\/?p=17152"},"modified":"2017-07-10T20:52:09","modified_gmt":"2017-07-10T20:52:09","slug":"corinthians-e-bi-campeao-da-3a-copa-qualycon-de-futsal-master","status":"publish","type":"post","link":"https:\/\/www.federacaopaulistadefutsal.com.br\/novo\/corinthians-e-bi-campeao-da-3a-copa-qualycon-de-futsal-master\/","title":{"rendered":"Corinthians \u00e9 bi-campe\u00e3o da 3\u00aa Copa Qualycon de Futsal Master"},"content":{"rendered":"<p dir=\"auto\">\u00a0Aconteceu neste m\u00eas, em Santos (Litoral Paulista), a terceira edi\u00e7\u00e3o da Copa Qualycon de Futsal Master. A grande final foi disputada na noite da \u00faltima quarta-feira (6), entre Jabaquara e Corinthians, com vit\u00f3ria alvinegra de 4 x 2 &#8211; gols de Osmar (2) e Magoo(2). A vit\u00f3ria deu ao Corinthians o bi-campeonato da competi\u00e7\u00e3o. Lembrando que em 2015, ficou na segunda coloca\u00e7\u00e3o.<\/p>\n<p dir=\"auto\">O Corinthians disputou a Copa Qualycom de Futsal Master com os seguintes atletas:<\/p>\n<p dir=\"auto\"><strong>Goleiros:<\/strong><\/p>\n<p dir=\"auto\">Du<\/p>\n<p dir=\"auto\">Leandro<\/p>\n<p dir=\"auto\">\u00a0<strong>Jogadores de linha:<\/strong><\/p>\n<p dir=\"auto\">\u00a0Fulanetti<\/p>\n<p dir=\"auto\">Ivan<\/p>\n<p dir=\"auto\">Osmar<\/p>\n<p dir=\"auto\">Waltinho<\/p>\n<p dir=\"auto\">Kek\u00e9<\/p>\n<p dir=\"auto\">Nei<\/p>\n<p dir=\"auto\">Tyson<\/p>\n<p dir=\"auto\">Edinho<\/p>\n<p dir=\"auto\">Magoo<\/p>\n<p dir=\"auto\">Bimba<\/p>\n<p dir=\"auto\">Alaor<\/p>\n<p dir=\"auto\">\u00a0<strong>T\u00e9cnico:<\/strong> Edu Ver\u00edssimo<\/p>\n","protected":false},"excerpt":{"rendered":"<p>\u00a0Aconteceu neste m\u00eas, em Santos (Litoral Paulista), a terceira edi\u00e7\u00e3o da Copa Qualycon de Futsal Master. A grande final foi<\/p>\n","protected":false},"author":1,"featured_media":17153,"comment_status":"closed","ping_status":"open","sticky":false,"template":"","format":"standard","meta":{"footnotes":""},"categories":[24,32],"tags":[723,42,1575,2153],"class_list":["post-17152","post","type-post","status-publish","format-standard","has-post-thumbnail","hentry","category-copa-qualycon","category-maiores","tag-copa-qualycon","tag-fpfs","tag-maiores","tag-s-c-corinthians-paulista"],"_links":{"self":[{"href":"https:\/\/www.federacaopaulistadefutsal.com.br\/novo\/wp-json\/wp\/v2\/posts\/17152","targetHints":{"allow":["GET"]}}],"collection":[{"href":"https:\/\/www.federacaopaulistadefutsal.com.br\/novo\/wp-json\/wp\/v2\/posts"}],"about":[{"href":"https:\/\/www.federacaopaulistadefutsal.com.br\/novo\/wp-json\/wp\/v2\/types\/post"}],"author":[{"embeddable":true,"href":"https:\/\/www.federacaopaulistadefutsal.com.br\/novo\/wp-json\/wp\/v2\/users\/1"}],"replies":[{"embeddable":true,"href":"https:\/\/www.federacaopaulistadefutsal.com.br\/novo\/wp-json\/wp\/v2\/comments?post=17152"}],"version-history":[{"count":0,"href":"https:\/\/www.federacaopaulistadefutsal.com.br\/novo\/wp-json\/wp\/v2\/posts\/17152\/revisions"}],"wp:featuredmedia":[{"embeddable":true,"href":"https:\/\/www.federacaopaulistadefutsal.com.br\/novo\/wp-json\/"}],"wp:attachment":[{"href":"https:\/\/www.federacaopaulistadefutsal.com.br\/novo\/wp-json\/wp\/v2\/media?parent=17152"}],"wp:term":[{"taxonomy":"category","embeddable":true,"href":"https:\/\/www.federacaopaulistadefutsal.com.br\/novo\/wp-json\/wp\/v2\/categories?post=17152"},{"taxonomy":"post_tag","embeddable":true,"href":"https:\/\/www.federacaopaulistadefutsal.com.br\/novo\/wp-json\/wp\/v2\/tags?post=17152"}],"curies":[{"name":"wp","href":"https:\/\/api.w.org\/{rel}","templated":true}]}}