{"id":17170,"date":"2017-07-11T23:09:39","date_gmt":"2017-07-11T23:09:39","guid":{"rendered":"http:\/\/www.federacaopaulistadefutsal.com.br\/?p=17170"},"modified":"2017-07-11T23:09:39","modified_gmt":"2017-07-11T23:09:39","slug":"a-a-fib-fatura-mais-um-titulo-nas-categorias-menores","status":"publish","type":"post","link":"https:\/\/www.federacaopaulistadefutsal.com.br\/novo\/a-a-fib-fatura-mais-um-titulo-nas-categorias-menores\/","title":{"rendered":"A.A. FIB fatura mais um t\u00edtulo nas categorias menores"},"content":{"rendered":"<p>Enquanto o elenco da Associa\u00e7\u00e3o Atl\u00e9tica FIB segue a prepara\u00e7\u00e3o para \u00faltima rodada da fase de grupos da Liga Paulista de Futsal (LPF), os jovens jogadores das categorias menores faturaram mais um t\u00edtulo. A equipe bauruense Sub-21 foi campe\u00e3 do Quadrangular Preparat\u00f3rio para os Jogos Regionais de 2017.<br \/>\nA competi\u00e7\u00e3o foi organizada pela Secretaria Municipal de Esportes de Prat\u00e2nia, cidade a 85 quil\u00f4metros de Bauru que recebeu todos os jogos. Os garotos da A.A. FIB estrearam com vit\u00f3ria sobre Agudos e na grande decis\u00e3o, derrotaram Borebi.<br \/>\n&#8220;O trabalho que estamos desenvolvendo \u00e9 justamente para munir nossa equipe principal com atletas de qualidade. H\u00e1 tr\u00eas anos estamos conquistando t\u00edtulos nas categorias menores e a cada temporada, o n\u00famero de jogadores que chegam \u00e0 equipe principal aumenta&#8221;, disse Everton Carvalho da Silva, o Alem\u00e3o, treinador da A.A. FIB.<br \/>\nEm 2015, os bauruenses foram campe\u00f5es da Categoria Sub-17 do Campeonato Paulista, promovida pela Federa\u00e7\u00e3o Paulista de Futebol de Sal\u00e3o (FPFS) e, no ano seguinte, com a mesma base do paulista, faturaram a Copa SEMEL Sub-20, organizada pela Secretaria de Municipal de Esportes e Lazer de Bauru.<br \/>\nNessa temporada, em abril, a equipe de Sub-19 da A.A. FIB levantou da ta\u00e7a dos Jogos da Juventude. Com o t\u00edtulo do Quadrangular Preparat\u00f3rio para os Jogos Regionais chega \u00e0 quatro conquistas nas categorias menores em tr\u00eas anos.<br \/>\n<em>Informa\u00e7\u00f5es e foto: Assessoria de Imprensa A.A. FIB\/Rafael Peloso<\/em><\/p>\n","protected":false},"excerpt":{"rendered":"<p>Enquanto o elenco da Associa\u00e7\u00e3o Atl\u00e9tica FIB segue a prepara\u00e7\u00e3o para \u00faltima rodada da fase de grupos da Liga Paulista<\/p>\n","protected":false},"author":1,"featured_media":17171,"comment_status":"closed","ping_status":"open","sticky":false,"template":"","format":"standard","meta":{"footnotes":""},"categories":[29,33],"tags":[128,41,1037,1147],"class_list":["post-17170","post","type-post","status-publish","format-standard","has-post-thumbnail","hentry","category-interior","category-menores","tag-aa-fib","tag-categorias-menores","tag-federacao-paulista-de-futsal","tag-futsal-masculino"],"_links":{"self":[{"href":"https:\/\/www.federacaopaulistadefutsal.com.br\/novo\/wp-json\/wp\/v2\/posts\/17170","targetHints":{"allow":["GET"]}}],"collection":[{"href":"https:\/\/www.federacaopaulistadefutsal.com.br\/novo\/wp-json\/wp\/v2\/posts"}],"about":[{"href":"https:\/\/www.federacaopaulistadefutsal.com.br\/novo\/wp-json\/wp\/v2\/types\/post"}],"author":[{"embeddable":true,"href":"https:\/\/www.federacaopaulistadefutsal.com.br\/novo\/wp-json\/wp\/v2\/users\/1"}],"replies":[{"embeddable":true,"href":"https:\/\/www.federacaopaulistadefutsal.com.br\/novo\/wp-json\/wp\/v2\/comments?post=17170"}],"version-history":[{"count":0,"href":"https:\/\/www.federacaopaulistadefutsal.com.br\/novo\/wp-json\/wp\/v2\/posts\/17170\/revisions"}],"wp:featuredmedia":[{"embeddable":true,"href":"https:\/\/www.federacaopaulistadefutsal.com.br\/novo\/wp-json\/"}],"wp:attachment":[{"href":"https:\/\/www.federacaopaulistadefutsal.com.br\/novo\/wp-json\/wp\/v2\/media?parent=17170"}],"wp:term":[{"taxonomy":"category","embeddable":true,"href":"https:\/\/www.federacaopaulistadefutsal.com.br\/novo\/wp-json\/wp\/v2\/categories?post=17170"},{"taxonomy":"post_tag","embeddable":true,"href":"https:\/\/www.federacaopaulistadefutsal.com.br\/novo\/wp-json\/wp\/v2\/tags?post=17170"}],"curies":[{"name":"wp","href":"https:\/\/api.w.org\/{rel}","templated":true}]}}