{"id":17204,"date":"2017-07-12T11:42:04","date_gmt":"2017-07-12T11:42:04","guid":{"rendered":"http:\/\/www.federacaopaulistadefutsal.com.br\/?p=17204"},"modified":"2017-07-12T11:42:04","modified_gmt":"2017-07-12T11:42:04","slug":"definidas-as-chaves-para-os-jogos-regionais-de-caraguatatuba","status":"publish","type":"post","link":"https:\/\/www.federacaopaulistadefutsal.com.br\/novo\/definidas-as-chaves-para-os-jogos-regionais-de-caraguatatuba\/","title":{"rendered":"Definidas as chaves para os Jogos Regionais de Caraguatatuba"},"content":{"rendered":"<p><span style=\"font-family: arial; font-size: small;\">Neste meio de semana, foram definidas as chaves para os Jogos Regionais de Caraguatatuba (Litoral Paulista).\u00a0A competi\u00e7\u00e3o come\u00e7a no pr\u00f3ximo dia 12 (quarta-feira). Confira abaixo os grupos e primeiros confrontos:<\/span><br \/>\n<strong>Grupo A:<\/strong><br \/>\nMogi das Cruzes<br \/>\nPo\u00e1<br \/>\nSanta Isabel<br \/>\nLagoinha<br \/>\n<strong>Grupo B:<\/strong><br \/>\nGuaratinguet\u00e1<br \/>\nSanta Branca<br \/>\nNatividade da Serra<br \/>\n&nbsp;<br \/>\n<strong>Grupo C:<\/strong><br \/>\nTaubat\u00e9<br \/>\nGuararema<br \/>\nBiritiba Mirim<br \/>\nS\u00e3o Sebasti\u00e3o<br \/>\n&nbsp;<\/p>\n","protected":false},"excerpt":{"rendered":"<p>Neste meio de semana, foram definidas as chaves para os Jogos Regionais de Caraguatatuba (Litoral Paulista).\u00a0A competi\u00e7\u00e3o come\u00e7a no pr\u00f3ximo<\/p>\n","protected":false},"author":1,"featured_media":17205,"comment_status":"closed","ping_status":"open","sticky":false,"template":"","format":"standard","meta":{"footnotes":""},"categories":[32],"tags":[648,1109,42,1147,1437,1678],"class_list":["post-17204","post","type-post","status-publish","format-standard","has-post-thumbnail","hentry","category-maiores","tag-competicao","tag-fordtauabate","tag-fpfs","tag-futsal-masculino","tag-jogos-regionais","tag-mogi-das-cruzes"],"_links":{"self":[{"href":"https:\/\/www.federacaopaulistadefutsal.com.br\/novo\/wp-json\/wp\/v2\/posts\/17204","targetHints":{"allow":["GET"]}}],"collection":[{"href":"https:\/\/www.federacaopaulistadefutsal.com.br\/novo\/wp-json\/wp\/v2\/posts"}],"about":[{"href":"https:\/\/www.federacaopaulistadefutsal.com.br\/novo\/wp-json\/wp\/v2\/types\/post"}],"author":[{"embeddable":true,"href":"https:\/\/www.federacaopaulistadefutsal.com.br\/novo\/wp-json\/wp\/v2\/users\/1"}],"replies":[{"embeddable":true,"href":"https:\/\/www.federacaopaulistadefutsal.com.br\/novo\/wp-json\/wp\/v2\/comments?post=17204"}],"version-history":[{"count":0,"href":"https:\/\/www.federacaopaulistadefutsal.com.br\/novo\/wp-json\/wp\/v2\/posts\/17204\/revisions"}],"wp:featuredmedia":[{"embeddable":true,"href":"https:\/\/www.federacaopaulistadefutsal.com.br\/novo\/wp-json\/"}],"wp:attachment":[{"href":"https:\/\/www.federacaopaulistadefutsal.com.br\/novo\/wp-json\/wp\/v2\/media?parent=17204"}],"wp:term":[{"taxonomy":"category","embeddable":true,"href":"https:\/\/www.federacaopaulistadefutsal.com.br\/novo\/wp-json\/wp\/v2\/categories?post=17204"},{"taxonomy":"post_tag","embeddable":true,"href":"https:\/\/www.federacaopaulistadefutsal.com.br\/novo\/wp-json\/wp\/v2\/tags?post=17204"}],"curies":[{"name":"wp","href":"https:\/\/api.w.org\/{rel}","templated":true}]}}