{"id":17554,"date":"2017-07-30T20:50:01","date_gmt":"2017-07-30T20:50:01","guid":{"rendered":"http:\/\/www.federacaopaulistadefutsal.com.br\/?p=17554"},"modified":"2017-07-30T20:50:01","modified_gmt":"2017-07-30T20:50:01","slug":"serrana-fica-com-a-medalha-de-bronze-nos-jogos-regionais","status":"publish","type":"post","link":"https:\/\/www.federacaopaulistadefutsal.com.br\/novo\/serrana-fica-com-a-medalha-de-bronze-nos-jogos-regionais\/","title":{"rendered":"Serrana fica com a medalha de bronze nos Jogos Regionais"},"content":{"rendered":"<p>Ap\u00f3s parar nas semifinais dos Jogos Regionais, quando perdeu para o time da casa, na \u00faltima sexta-feira (28), o Serrana Futsal entrou em quadra na manh\u00e3 deste domingo, de olho na medalha de bronze, e o triunfo veio com boa vit\u00f3ria, por 4 x 1, sobre Cajuru, que foi eliminado por Araraquara.<br \/>\nKleber Grund, goleiro do Serrana, falou sobre o comprometimento da equipe ao longo da competi\u00e7\u00e3o: \u201cA entrega de todos foi total, e estamos ainda mais fortalecidos para a sequ\u00eancia da temporada, que venha a Copa Record 2017 e vamos em busca do objetivo maior. Parab\u00e9ns a todos\u201d, disse o arqueiro.<br \/>\n<em>Informa\u00e7\u00f5es: Gilberto Santos<\/em><br \/>\n<em>Foto: Divulga\u00e7\u00e3o<\/em><br \/>\n<strong>Jogo das estrelas entre as categorias menores da S\u00e9rie A1 e A2 do Metropolitano<\/strong><br \/>\nA FPFS vai promover o jogo das estrelas, no pr\u00f3ximo dia 5 de agosto (ter\u00e7a-feira), entre as S\u00e9ries A1 e A2 do Metropolitano 2017. Ser\u00e3o eleitos para a disputa os melhores atletas finalistas das S\u00e9ries Ouro, Prata e Bronze das categorias sub-12, sub-14, sub-16 e sub-18. Cada categoria vai enfrentar a mesma classe, s\u00f3 que de s\u00e9ries diferentes: A1 x A2. Os jogos ser\u00e3o realizados no Gin\u00e1sio Presidente Ciro II, com entrada franca e hor\u00e1rio ainda a definir pelo dpto. t\u00e9cnico da FPF.<\/p>\n","protected":false},"excerpt":{"rendered":"<p>Ap\u00f3s parar nas semifinais dos Jogos Regionais, quando perdeu para o time da casa, na \u00faltima sexta-feira (28), o Serrana<\/p>\n","protected":false},"author":1,"featured_media":17555,"comment_status":"closed","ping_status":"open","sticky":false,"template":"","format":"standard","meta":{"footnotes":""},"categories":[29],"tags":[427,648,42,1437,2289],"class_list":["post-17554","post","type-post","status-publish","format-standard","has-post-thumbnail","hentry","category-interior","tag-bronze","tag-competicao","tag-fpfs","tag-jogos-regionais","tag-serrana-futsal"],"_links":{"self":[{"href":"https:\/\/www.federacaopaulistadefutsal.com.br\/novo\/wp-json\/wp\/v2\/posts\/17554","targetHints":{"allow":["GET"]}}],"collection":[{"href":"https:\/\/www.federacaopaulistadefutsal.com.br\/novo\/wp-json\/wp\/v2\/posts"}],"about":[{"href":"https:\/\/www.federacaopaulistadefutsal.com.br\/novo\/wp-json\/wp\/v2\/types\/post"}],"author":[{"embeddable":true,"href":"https:\/\/www.federacaopaulistadefutsal.com.br\/novo\/wp-json\/wp\/v2\/users\/1"}],"replies":[{"embeddable":true,"href":"https:\/\/www.federacaopaulistadefutsal.com.br\/novo\/wp-json\/wp\/v2\/comments?post=17554"}],"version-history":[{"count":0,"href":"https:\/\/www.federacaopaulistadefutsal.com.br\/novo\/wp-json\/wp\/v2\/posts\/17554\/revisions"}],"wp:featuredmedia":[{"embeddable":true,"href":"https:\/\/www.federacaopaulistadefutsal.com.br\/novo\/wp-json\/"}],"wp:attachment":[{"href":"https:\/\/www.federacaopaulistadefutsal.com.br\/novo\/wp-json\/wp\/v2\/media?parent=17554"}],"wp:term":[{"taxonomy":"category","embeddable":true,"href":"https:\/\/www.federacaopaulistadefutsal.com.br\/novo\/wp-json\/wp\/v2\/categories?post=17554"},{"taxonomy":"post_tag","embeddable":true,"href":"https:\/\/www.federacaopaulistadefutsal.com.br\/novo\/wp-json\/wp\/v2\/tags?post=17554"}],"curies":[{"name":"wp","href":"https:\/\/api.w.org\/{rel}","templated":true}]}}