{"id":17571,"date":"2017-08-01T11:36:19","date_gmt":"2017-08-01T11:36:19","guid":{"rendered":"http:\/\/www.federacaopaulistadefutsal.com.br\/?p=17571"},"modified":"2017-08-01T11:36:19","modified_gmt":"2017-08-01T11:36:19","slug":"ex-atleta-da-a-a-fib-morre-em-tragico-acidente-de-moto","status":"publish","type":"post","link":"https:\/\/www.federacaopaulistadefutsal.com.br\/novo\/ex-atleta-da-a-a-fib-morre-em-tragico-acidente-de-moto\/","title":{"rendered":"Ex-atleta da A.A. FIB morre em tr\u00e1gico acidente de moto"},"content":{"rendered":"<p>A Associa\u00e7\u00e3o Atl\u00e9tica FIB est\u00e1 de luto. O jovem Murilo Lima, de 23 anos, que defendeu a equipe durante o primeiro semestre desta temporada, morreu em um tr\u00e1gico acidente automobil\u00edstico na madrugada deste domingo (30), no munic\u00edpio de Guaruj\u00e1, na baixada santista.<br \/>\nMurilo conduzia uma\u00a0 motocicleta e, por motivos que ainda ser\u00e3o esclarecidos, perdeu o controle da dire\u00e7\u00e3o e colidiu contra um poste de ilumina\u00e7\u00e3o p\u00fablica ap\u00f3s passar pela ponte liga Guaruj\u00e1 ao Distrito de Vicente de Carvalho.<br \/>\nUma do Servi\u00e7o M\u00f3vel de Urg\u00eancia (SAMU) foi acionada para prestar socorro, no entanto, se deparou com o ex-atleta da A.A. FIB j\u00e1 sem vida. O acidente aconteceu por volta das 05h.<br \/>\nCom a camisa da equipe de Bauru, Murilo foi vice-campe\u00e3o da Copa TV Tem de Futsal de 2017, que re\u00fane as principais equipes da regi\u00e3o centro-oeste do Estado de S\u00e3o Paulo, e tamb\u00e9m disputou a Liga Paulista de Futsal (LPF); seus ex-companheiros lamentaram o acidente e postaram homenagens nas redes sociais.<br \/>\n<em>Informa\u00e7\u00f5es e foto: Assessoria de Imprensa A.A. FIB\/Rafael Peloso<\/em><\/p>\n","protected":false},"excerpt":{"rendered":"<p>A Associa\u00e7\u00e3o Atl\u00e9tica FIB est\u00e1 de luto. O jovem Murilo Lima, de 23 anos, que defendeu a equipe durante o<\/p>\n","protected":false},"author":1,"featured_media":17624,"comment_status":"closed","ping_status":"open","sticky":false,"template":"","format":"standard","meta":{"footnotes":""},"categories":[29],"tags":[128,1037,1141,1147,1569],"class_list":["post-17571","post","type-post","status-publish","format-standard","has-post-thumbnail","hentry","category-interior","tag-aa-fib","tag-federacao-paulista-de-futsal","tag-futsal-interior","tag-futsal-masculino","tag-luto"],"_links":{"self":[{"href":"https:\/\/www.federacaopaulistadefutsal.com.br\/novo\/wp-json\/wp\/v2\/posts\/17571","targetHints":{"allow":["GET"]}}],"collection":[{"href":"https:\/\/www.federacaopaulistadefutsal.com.br\/novo\/wp-json\/wp\/v2\/posts"}],"about":[{"href":"https:\/\/www.federacaopaulistadefutsal.com.br\/novo\/wp-json\/wp\/v2\/types\/post"}],"author":[{"embeddable":true,"href":"https:\/\/www.federacaopaulistadefutsal.com.br\/novo\/wp-json\/wp\/v2\/users\/1"}],"replies":[{"embeddable":true,"href":"https:\/\/www.federacaopaulistadefutsal.com.br\/novo\/wp-json\/wp\/v2\/comments?post=17571"}],"version-history":[{"count":0,"href":"https:\/\/www.federacaopaulistadefutsal.com.br\/novo\/wp-json\/wp\/v2\/posts\/17571\/revisions"}],"wp:featuredmedia":[{"embeddable":true,"href":"https:\/\/www.federacaopaulistadefutsal.com.br\/novo\/wp-json\/"}],"wp:attachment":[{"href":"https:\/\/www.federacaopaulistadefutsal.com.br\/novo\/wp-json\/wp\/v2\/media?parent=17571"}],"wp:term":[{"taxonomy":"category","embeddable":true,"href":"https:\/\/www.federacaopaulistadefutsal.com.br\/novo\/wp-json\/wp\/v2\/categories?post=17571"},{"taxonomy":"post_tag","embeddable":true,"href":"https:\/\/www.federacaopaulistadefutsal.com.br\/novo\/wp-json\/wp\/v2\/tags?post=17571"}],"curies":[{"name":"wp","href":"https:\/\/api.w.org\/{rel}","templated":true}]}}