{"id":17575,"date":"2017-07-31T20:20:50","date_gmt":"2017-07-31T20:20:50","guid":{"rendered":"http:\/\/www.federacaopaulistadefutsal.com.br\/?p=17575"},"modified":"2017-07-31T20:20:50","modified_gmt":"2017-07-31T20:20:50","slug":"willer-fernandes-comenta-sobre-a-chegada-do-novo-reforco-para-as-competicoes-do-segundo-semestre","status":"publish","type":"post","link":"https:\/\/www.federacaopaulistadefutsal.com.br\/novo\/willer-fernandes-comenta-sobre-a-chegada-do-novo-reforco-para-as-competicoes-do-segundo-semestre\/","title":{"rendered":"Willer Fernandes, t\u00e9cnico do Mogi,  comenta sobre a chegada do novo refor\u00e7o para as competi\u00e7\u00f5es do segundo semestre"},"content":{"rendered":"<p>Ap\u00f3s passar por diversos clubes de S\u00e3o Paulo e da Europa, o piv\u00f4 Guilherm\u00e3o est\u00e1 de volta ao futsal de Mogi das Cruzes. Na \u00faltima semana, a Diretoria da equipe mogiana anunciou o atleta como o mais novo refor\u00e7o para o segundo semestre.<br \/>\nNo come\u00e7o deste ano, Guilherm\u00e3o defendeu as cores do Yoka, de Guaratinguet\u00e1 e em 2016, foi um dos destaques no Pulo do Gato, de Campinas. Aos 29 anos, o piv\u00f4 retorna ao Mogi Futsal, clube no qual atuou como sub-20. Para o t\u00e9cnico Willer Fernandes, a contrata\u00e7\u00e3o do piv\u00f4 vai de encontro \u00e1 uma posi\u00e7\u00e3o carente no plantel:<br \/>\n\u201cFaz algum tempo que vinha pedindo a contrata\u00e7\u00e3o de algum jogador com caracter\u00edsticas mais ofensivas. Nessa temporada t\u00ednhamos apenas um piv\u00f4 e sent\u00edamos a falta de mais um. A diretoria chegou a contratar a pouco tempo um atleta, mas no final acabou n\u00e3o dando certo. O Guilherm\u00e3o veio para refor\u00e7ar a equipe nesse segundo semestre.<br \/>\n\u00c9 um bom jogador, tem as caracter\u00edsticas que precis\u00e1vamos e o grupo todo j\u00e1 o conhece. Isso vai facilitar na adapta\u00e7\u00e3o. Agora precisamos de algum tempo ele recuperar as condi\u00e7\u00f5es de jogo, j\u00e1 que est\u00e1 parado h\u00e1 alguns meses\u201d, disse o t\u00e9cnico ao portal Globo Esporte.com<br \/>\nGuilherm\u00e3o deve se apresentar nos pr\u00f3ximos dias, j\u00e1 que o elenco segue de folga, mas j\u00e1 pensando nos futuros compromissos, como a Copa Paulista e os Jogos Abertos do Interior.<br \/>\n<em>Foto: Assessoria\/Pulo do Gato<\/em><br \/>\n<strong>Jogo das estrelas entre as categorias menores da S\u00e9rie A1 e A2 do Metropolitano<\/strong><br \/>\nA FPFS vai promover o jogo das estrelas, no pr\u00f3ximo dia 5 de agosto (s\u00e1bado), entre as S\u00e9ries A1 e A2 do Metropolitano 2017. Ser\u00e3o eleitos para a disputa os melhores atletas finalistas das S\u00e9ries Ouro, Prata e Bronze das categorias sub-12, sub-14, sub-16 e sub-18. Cada categoria vai enfrentar a mesma classe, s\u00f3 que de s\u00e9ries diferentes: A1 x A2. Os jogos ser\u00e3o realizados no Gin\u00e1sio Presidente Ciro II, com entrada franca e hor\u00e1rio ainda a definir pelo dpto. t\u00e9cnico da FPF.<\/p>\n","protected":false},"excerpt":{"rendered":"<p>Ap\u00f3s passar por diversos clubes de S\u00e3o Paulo e da Europa, o piv\u00f4 Guilherm\u00e3o est\u00e1 de volta ao futsal de<\/p>\n","protected":false},"author":1,"featured_media":17576,"comment_status":"closed","ping_status":"open","sticky":false,"template":"","format":"standard","meta":{"footnotes":""},"categories":[32],"tags":[111,308,653,42,1131,2062],"class_list":["post-17575","post","type-post","status-publish","format-standard","has-post-thumbnail","hentry","category-maiores","tag-a-d-mogi-das-cruzes","tag-atleta","tag-competicoes","tag-fpfs","tag-futsal","tag-reforco"],"_links":{"self":[{"href":"https:\/\/www.federacaopaulistadefutsal.com.br\/novo\/wp-json\/wp\/v2\/posts\/17575","targetHints":{"allow":["GET"]}}],"collection":[{"href":"https:\/\/www.federacaopaulistadefutsal.com.br\/novo\/wp-json\/wp\/v2\/posts"}],"about":[{"href":"https:\/\/www.federacaopaulistadefutsal.com.br\/novo\/wp-json\/wp\/v2\/types\/post"}],"author":[{"embeddable":true,"href":"https:\/\/www.federacaopaulistadefutsal.com.br\/novo\/wp-json\/wp\/v2\/users\/1"}],"replies":[{"embeddable":true,"href":"https:\/\/www.federacaopaulistadefutsal.com.br\/novo\/wp-json\/wp\/v2\/comments?post=17575"}],"version-history":[{"count":0,"href":"https:\/\/www.federacaopaulistadefutsal.com.br\/novo\/wp-json\/wp\/v2\/posts\/17575\/revisions"}],"wp:featuredmedia":[{"embeddable":true,"href":"https:\/\/www.federacaopaulistadefutsal.com.br\/novo\/wp-json\/"}],"wp:attachment":[{"href":"https:\/\/www.federacaopaulistadefutsal.com.br\/novo\/wp-json\/wp\/v2\/media?parent=17575"}],"wp:term":[{"taxonomy":"category","embeddable":true,"href":"https:\/\/www.federacaopaulistadefutsal.com.br\/novo\/wp-json\/wp\/v2\/categories?post=17575"},{"taxonomy":"post_tag","embeddable":true,"href":"https:\/\/www.federacaopaulistadefutsal.com.br\/novo\/wp-json\/wp\/v2\/tags?post=17575"}],"curies":[{"name":"wp","href":"https:\/\/api.w.org\/{rel}","templated":true}]}}