{"id":17613,"date":"2017-08-01T14:19:24","date_gmt":"2017-08-01T14:19:24","guid":{"rendered":"http:\/\/www.federacaopaulistadefutsal.com.br\/?p=17613"},"modified":"2017-08-01T14:19:24","modified_gmt":"2017-08-01T14:19:24","slug":"dracena-bate-assis-e-garante-a-medalha-de-ouro-nos-jogos-regionais","status":"publish","type":"post","link":"https:\/\/www.federacaopaulistadefutsal.com.br\/novo\/dracena-bate-assis-e-garante-a-medalha-de-ouro-nos-jogos-regionais\/","title":{"rendered":"Dracena bate Assis e garante a medalha de ouro nos Jogos Regionais"},"content":{"rendered":"<div class=\"mc-column content-text active-extra-styles active-capital-letter\" data-block-type=\"unstyled\" data-block-weight=\"61\">\n<p class=\"content-text__container theme-color-primary-first-letter\" data-track-category=\"Link no Texto\" data-track-links=\"\">O time de futsal de Dracena confirmou o favoritismo e faturou a medalha de ouro nos Jogos Regionais de Osvaldo Cruz.<\/p>\n<p class=\"content-text__container theme-color-primary-first-letter\" data-track-category=\"Link no Texto\" data-track-links=\"\">No s\u00e1bado (29), os dracenenses superaram Assis por 7 a 3, no Gin\u00e1sio Jo\u00e3o Torro Ov\u00eddio, e conquistaram o primeiro t\u00edtulo da temporada. Os gols foram marcados por Tatinho, Bic\u00e3o (duas vezes), Paulo Victor, Jackson, Rodriguinho e Gleison.<\/p>\n<\/div>\n<div class=\"mc-column content-text active-extra-styles \" data-block-type=\"unstyled\" data-block-weight=\"65\">\n<p class=\"content-text__container \" data-track-category=\"Link no Texto\" data-track-links=\"\">Agora, a equipe vira a chave e foca as aten\u00e7\u00f5es na Liga Paulista. Os comandados do t\u00e9cnico Cuti voltam a quadra nesta ter\u00e7a-feira (1\u00ba), pelas quartas de final do torneio, para encarar o Magnus Futsal . O duelo est\u00e1 marcado para as 20h30, no Gin\u00e1sio de Esportes Alaor Ferrari, em Dracena.<\/p>\n<p data-track-category=\"Link no Texto\" data-track-links=\"\"><em>Informa\u00e7\u00f5es: Murilo Rincon<\/em><\/p>\n<p data-track-category=\"Link no Texto\" data-track-links=\"\"><em>Foto: Claudinei Troiano<\/em><\/p>\n<p><strong>Jogo das estrelas entre as categorias menores da S\u00e9rie A1 e A2 do Metropolitano<\/strong><br \/>\nA FPFS vai promover o jogo das estrelas, no pr\u00f3ximo dia 5 de agosto (s\u00e1bado), entre as S\u00e9ries A1 e A2 do Metropolitano 2017. Ser\u00e3o eleitos para a disputa os melhores atletas finalistas das S\u00e9ries Ouro, Prata e Bronze das categorias sub-12, sub-14, sub-16 e sub-18. Cada categoria vai enfrentar a mesma classe, s\u00f3 que de s\u00e9ries diferentes: A1 x A2. Os jogos ser\u00e3o realizados no Gin\u00e1sio Presidente Ciro II, com entrada franca e hor\u00e1rio ainda a definir pelo dpto. t\u00e9cnico da FPF.\n<\/div>\n","protected":false},"excerpt":{"rendered":"<p>O time de futsal de Dracena confirmou o favoritismo e faturou a medalha de ouro nos Jogos Regionais de Osvaldo<\/p>\n","protected":false},"author":1,"featured_media":0,"comment_status":"closed","ping_status":"open","sticky":false,"template":"","format":"standard","meta":{"footnotes":""},"categories":[29,32],"tags":[469,1071,42,1437,2429],"class_list":["post-17613","post","type-post","status-publish","format-standard","hentry","category-interior","category-maiores","tag-campeao","tag-final","tag-fpfs","tag-jogos-regionais","tag-tempersuldracena"],"_links":{"self":[{"href":"https:\/\/www.federacaopaulistadefutsal.com.br\/novo\/wp-json\/wp\/v2\/posts\/17613","targetHints":{"allow":["GET"]}}],"collection":[{"href":"https:\/\/www.federacaopaulistadefutsal.com.br\/novo\/wp-json\/wp\/v2\/posts"}],"about":[{"href":"https:\/\/www.federacaopaulistadefutsal.com.br\/novo\/wp-json\/wp\/v2\/types\/post"}],"author":[{"embeddable":true,"href":"https:\/\/www.federacaopaulistadefutsal.com.br\/novo\/wp-json\/wp\/v2\/users\/1"}],"replies":[{"embeddable":true,"href":"https:\/\/www.federacaopaulistadefutsal.com.br\/novo\/wp-json\/wp\/v2\/comments?post=17613"}],"version-history":[{"count":0,"href":"https:\/\/www.federacaopaulistadefutsal.com.br\/novo\/wp-json\/wp\/v2\/posts\/17613\/revisions"}],"wp:attachment":[{"href":"https:\/\/www.federacaopaulistadefutsal.com.br\/novo\/wp-json\/wp\/v2\/media?parent=17613"}],"wp:term":[{"taxonomy":"category","embeddable":true,"href":"https:\/\/www.federacaopaulistadefutsal.com.br\/novo\/wp-json\/wp\/v2\/categories?post=17613"},{"taxonomy":"post_tag","embeddable":true,"href":"https:\/\/www.federacaopaulistadefutsal.com.br\/novo\/wp-json\/wp\/v2\/tags?post=17613"}],"curies":[{"name":"wp","href":"https:\/\/api.w.org\/{rel}","templated":true}]}}