{"id":17656,"date":"2017-08-02T11:52:51","date_gmt":"2017-08-02T11:52:51","guid":{"rendered":"http:\/\/www.federacaopaulistadefutsal.com.br\/?p=17656"},"modified":"2017-08-02T11:52:51","modified_gmt":"2017-08-02T11:52:51","slug":"araraquara-vence-sertaozinho-e-e-campeao-dos-jogos-regionais","status":"publish","type":"post","link":"https:\/\/www.federacaopaulistadefutsal.com.br\/novo\/araraquara-vence-sertaozinho-e-e-campeao-dos-jogos-regionais\/","title":{"rendered":"Araraquara vence Sert\u00e3ozinho e \u00e9 campe\u00e3o dos Jogos Regionais"},"content":{"rendered":"<p>O time de futsal da Uniara\/Fundesport sagrou-se campe\u00e3o dos Jogos Regionais de Sert\u00e3ozinho ao vencer os donos da casa por 5 a 4 na final, disputada no \u00faltimo domingo(30). Os autores dos gols da equipe araraquarense foram Cleyton, que marcou duas vezes, F\u00e1bio, Adriano e Vitor. Na semifinal, realizada no s\u00e1bado, dia 29, o Uniara superou Cravinhos por 5 a 0.<span style=\"font-size: 12px;\">\u00a0<\/span><\/p>\n<article id=\"the-post\" class=\"post-listing post-687137 post type-post status-publish format-standard has-post-thumbnail hentry category-esporte category-telao\">\n<div class=\"post-inner\">\n<p class=\"entry\">\u201cDesde 2012 n\u00e3o cheg\u00e1vamos \u00e0 final. Perd\u00edamos por 4 a 3 at\u00e9 faltando seis minutos para o final da partida, por\u00e9m, conseguimos reverter o jogo sem utilizar o goleiro-linha\u201d, destaca o t\u00e9cnico do time de Araraquara, Ren\u00ea Benacci.<\/p>\n<p class=\"entry\">Ele ainda comenta que a trajet\u00f3ria nos Regionais at\u00e9 a conquista do t\u00edtulo foi muito dif\u00edcil.\u201cFizemos seis jogos e obtivemos cinco vit\u00f3rias e uma derrota. Tivemos dificuldades na primeira fase, com quadras pequenas, e nosso sistema de defesa apresentou algumas falhas, mas depois conseguimos fazer os ajustes. Na fase do \u2018mata-mata\u2019, tivemos boas atua\u00e7\u00f5es, com uma defesa mais s\u00f3lida, e fomos campe\u00f5es por m\u00e9ritos\u201d, diz.<\/p>\n<p class=\"entry\">Para o segundo semestre, Benacci informa que o Uniara participar\u00e1 da Copa do Interior, \u00a0da qual \u00e9 o atual campe\u00e3o. \u201cTamb\u00e9m teremos a Copa Paulista, e os Jogos Abertos\u201d, finaliza.<em>Foto: Uniara\/Divulga\u00e7\u00e3o<\/em><\/p>\n<\/div>\n<\/article>\n","protected":false},"excerpt":{"rendered":"<p>O time de futsal da Uniara\/Fundesport sagrou-se campe\u00e3o dos Jogos Regionais de Sert\u00e3ozinho ao vencer os donos da casa por<\/p>\n","protected":false},"author":1,"featured_media":17657,"comment_status":"closed","ping_status":"open","sticky":false,"template":"","format":"standard","meta":{"footnotes":""},"categories":[29],"tags":[254,648,1037,1071,1437],"class_list":["post-17656","post","type-post","status-publish","format-standard","has-post-thumbnail","hentry","category-interior","tag-araraquara","tag-competicao","tag-federacao-paulista-de-futsal","tag-final","tag-jogos-regionais"],"_links":{"self":[{"href":"https:\/\/www.federacaopaulistadefutsal.com.br\/novo\/wp-json\/wp\/v2\/posts\/17656","targetHints":{"allow":["GET"]}}],"collection":[{"href":"https:\/\/www.federacaopaulistadefutsal.com.br\/novo\/wp-json\/wp\/v2\/posts"}],"about":[{"href":"https:\/\/www.federacaopaulistadefutsal.com.br\/novo\/wp-json\/wp\/v2\/types\/post"}],"author":[{"embeddable":true,"href":"https:\/\/www.federacaopaulistadefutsal.com.br\/novo\/wp-json\/wp\/v2\/users\/1"}],"replies":[{"embeddable":true,"href":"https:\/\/www.federacaopaulistadefutsal.com.br\/novo\/wp-json\/wp\/v2\/comments?post=17656"}],"version-history":[{"count":0,"href":"https:\/\/www.federacaopaulistadefutsal.com.br\/novo\/wp-json\/wp\/v2\/posts\/17656\/revisions"}],"wp:featuredmedia":[{"embeddable":true,"href":"https:\/\/www.federacaopaulistadefutsal.com.br\/novo\/wp-json\/"}],"wp:attachment":[{"href":"https:\/\/www.federacaopaulistadefutsal.com.br\/novo\/wp-json\/wp\/v2\/media?parent=17656"}],"wp:term":[{"taxonomy":"category","embeddable":true,"href":"https:\/\/www.federacaopaulistadefutsal.com.br\/novo\/wp-json\/wp\/v2\/categories?post=17656"},{"taxonomy":"post_tag","embeddable":true,"href":"https:\/\/www.federacaopaulistadefutsal.com.br\/novo\/wp-json\/wp\/v2\/tags?post=17656"}],"curies":[{"name":"wp","href":"https:\/\/api.w.org\/{rel}","templated":true}]}}