{"id":17721,"date":"2017-08-05T19:27:17","date_gmt":"2017-08-05T19:27:17","guid":{"rendered":"http:\/\/www.federacaopaulistadefutsal.com.br\/?p=17721"},"modified":"2017-08-05T19:27:17","modified_gmt":"2017-08-05T19:27:17","slug":"magnus-futsal-e-corinthians-empatam-pela-liga-nacional","status":"publish","type":"post","link":"https:\/\/www.federacaopaulistadefutsal.com.br\/novo\/magnus-futsal-e-corinthians-empatam-pela-liga-nacional\/","title":{"rendered":"Magnus Futsal e Corinthians empatam pela Liga Nacional"},"content":{"rendered":"<p>O Magnus Futsal enfrentou o Corinthians na noite desta sexta-feira (04) e saiu com o empate por 1 a 1, jogando na casa do advers\u00e1rio. O time de Sorocaba continua na terceira coloca\u00e7\u00e3o da Liga Nacional, com 24 pontos em 13 jogos, j\u00e1 os corintianos descem para o segundo lugar, somando 26 pontos com uma partida a mais. O l\u00edder \u00e9 o Joinville, que venceu na rodada e agora tem 27 pontos em 13 jogos.<br \/>\n<strong>O jogo<\/strong><br \/>\nO primeiro tempo foi equilibrado, por\u00e9m os visitantes criaram as melhores chances em chutes de Rodrigo e Bruno, defendidos por Guitta. Com mais presen\u00e7a no ataque, os sorocabanos buscavam manter a posse de bola para achar espa\u00e7o. Mas, aproveitando um melhor momento no fim da etapa, Alex aproveitou rebote da defesa e chutou no \u00e2ngulo para abrir o placar para os donos da casa.<br \/>\nNo segundo tempo, o jogo seguiu com os times marcando forte e n\u00e3o permitindo chances de gol. Buscando o empate, a equipe do interior come\u00e7ou a encaixar novamente as jogadas. Ap\u00f3s press\u00e3o em chutes de m\u00e9dia dist\u00e2ncia, Arthur aproveitou rebote do goleiro e empurrou para a rede, empatando a partida.<br \/>\nO gol deu um novo \u00e2nimo e o time partiu para o ataque, parando nas boas defesas de Guitta e na trave esquerda do goleiro. Do outro lado foi o goleiro Tiago que tamb\u00e9m parou as jogadas em velocidade e chutes de curta dist\u00e2ncia. Nos minutos finais, o Corinthians cometeu a sexta falta e o elenco de Sorocaba teve a chance no tiro-livre da marca de 10 metros. Na cobran\u00e7a de Rodrigo, o goleiro Careca, mesmo avan\u00e7ado, fez a defesa. Fim de jogo com empate em 1 a 1 no cl\u00e1ssico do futsal.<br \/>\n<em>Informa\u00e7\u00f5es: Guilherme Mansueto<\/em><br \/>\n<em>Foto: Yuri Gomes<\/em><\/p>\n","protected":false},"excerpt":{"rendered":"<p>O Magnus Futsal enfrentou o Corinthians na noite desta sexta-feira (04) e saiu com o empate por 1 a 1,<\/p>\n","protected":false},"author":1,"featured_media":17722,"comment_status":"closed","ping_status":"open","sticky":false,"template":"","format":"standard","meta":{"footnotes":""},"categories":[25,30],"tags":[42,1147,1546,1570,2151],"class_list":["post-17721","post","type-post","status-publish","format-standard","has-post-thumbnail","hentry","category-destaques","category-liga-nacional-de-futsal","tag-fpfs","tag-futsal-masculino","tag-lnf","tag-magnus","tag-s-c-corinthians"],"_links":{"self":[{"href":"https:\/\/www.federacaopaulistadefutsal.com.br\/novo\/wp-json\/wp\/v2\/posts\/17721","targetHints":{"allow":["GET"]}}],"collection":[{"href":"https:\/\/www.federacaopaulistadefutsal.com.br\/novo\/wp-json\/wp\/v2\/posts"}],"about":[{"href":"https:\/\/www.federacaopaulistadefutsal.com.br\/novo\/wp-json\/wp\/v2\/types\/post"}],"author":[{"embeddable":true,"href":"https:\/\/www.federacaopaulistadefutsal.com.br\/novo\/wp-json\/wp\/v2\/users\/1"}],"replies":[{"embeddable":true,"href":"https:\/\/www.federacaopaulistadefutsal.com.br\/novo\/wp-json\/wp\/v2\/comments?post=17721"}],"version-history":[{"count":0,"href":"https:\/\/www.federacaopaulistadefutsal.com.br\/novo\/wp-json\/wp\/v2\/posts\/17721\/revisions"}],"wp:featuredmedia":[{"embeddable":true,"href":"https:\/\/www.federacaopaulistadefutsal.com.br\/novo\/wp-json\/"}],"wp:attachment":[{"href":"https:\/\/www.federacaopaulistadefutsal.com.br\/novo\/wp-json\/wp\/v2\/media?parent=17721"}],"wp:term":[{"taxonomy":"category","embeddable":true,"href":"https:\/\/www.federacaopaulistadefutsal.com.br\/novo\/wp-json\/wp\/v2\/categories?post=17721"},{"taxonomy":"post_tag","embeddable":true,"href":"https:\/\/www.federacaopaulistadefutsal.com.br\/novo\/wp-json\/wp\/v2\/tags?post=17721"}],"curies":[{"name":"wp","href":"https:\/\/api.w.org\/{rel}","templated":true}]}}