{"id":17742,"date":"2017-08-07T20:52:43","date_gmt":"2017-08-07T20:52:43","guid":{"rendered":"http:\/\/www.federacaopaulistadefutsal.com.br\/?p=17742"},"modified":"2017-08-07T20:52:43","modified_gmt":"2017-08-07T20:52:43","slug":"s-e-elite-itaquerense-promove-peneiras-visando-o-campeonato-estadual-da-serie-a3","status":"publish","type":"post","link":"https:\/\/www.federacaopaulistadefutsal.com.br\/novo\/s-e-elite-itaquerense-promove-peneiras-visando-o-campeonato-estadual-da-serie-a3\/","title":{"rendered":"S. E. Elite Itaquerense promove peneiras visando o Campeonato Estadual da S\u00e9rie A3"},"content":{"rendered":"<p>Com objetivo de fortalecer suas categorias para a disputa do Campeonato Estadual da serie A3, nas categorias sub 10, sub 12 e sub 14, o Elite Itaquerense \u00a0realizar\u00e1 avalia\u00e7\u00f5es <strong>para jogadores<\/strong> <strong>n\u00e3o federados<\/strong> neste m\u00eas de Agosto.\u00a0Os testes ocorreram no Gin\u00e1sio do Elite. Acompanhe dias, hor\u00e1rios e endere\u00e7o.<br \/>\n<strong>Categoria Sub-10<\/strong> \u2013 nascidos em 2007<br \/>\nSegundas e Quartas \u00c0s 18h30.<br \/>\n<strong>Categoria Sub-12<\/strong> \u2013 nascidos em 2005\/2006<br \/>\nSegundas e Quartas \u00e0s 19h30 ou Ter\u00e7as e Quartas \u00e0s 15h00.<br \/>\n<strong>Categoria Sub-14<\/strong> \u2013 nascidos em 2003\/2004<br \/>\nSegundas e Quartas \u00e0s 19h30 ou Ter\u00e7as e Quintas \u00e0s 15h00.<br \/>\n<strong>Endere\u00e7o:\u00a0<\/strong>Augusto Carlos Bauman, 588 \u2013 Itaquera, S\u00e3o Paulo &#8211; SP, 08210-590<br \/>\n<strong>Maiores informa\u00e7\u00f5es<\/strong><br \/>\nCel 95826-6039<br \/>\nProf Tatu<br \/>\n&nbsp;<\/p>\n","protected":false},"excerpt":{"rendered":"<p>Com objetivo de fortalecer suas categorias para a disputa do Campeonato Estadual da serie A3, nas categorias sub 10, sub<\/p>\n","protected":false},"author":1,"featured_media":17620,"comment_status":"closed","ping_status":"open","sticky":false,"template":"","format":"standard","meta":{"footnotes":""},"categories":[33],"tags":[125,475,920,42,1745],"class_list":["post-17742","post","type-post","status-publish","format-standard","has-post-thumbnail","hentry","category-menores","tag-a3","tag-campeonato-estadual","tag-elite-itaquerense","tag-fpfs","tag-novas-peneiras"],"_links":{"self":[{"href":"https:\/\/www.federacaopaulistadefutsal.com.br\/novo\/wp-json\/wp\/v2\/posts\/17742","targetHints":{"allow":["GET"]}}],"collection":[{"href":"https:\/\/www.federacaopaulistadefutsal.com.br\/novo\/wp-json\/wp\/v2\/posts"}],"about":[{"href":"https:\/\/www.federacaopaulistadefutsal.com.br\/novo\/wp-json\/wp\/v2\/types\/post"}],"author":[{"embeddable":true,"href":"https:\/\/www.federacaopaulistadefutsal.com.br\/novo\/wp-json\/wp\/v2\/users\/1"}],"replies":[{"embeddable":true,"href":"https:\/\/www.federacaopaulistadefutsal.com.br\/novo\/wp-json\/wp\/v2\/comments?post=17742"}],"version-history":[{"count":0,"href":"https:\/\/www.federacaopaulistadefutsal.com.br\/novo\/wp-json\/wp\/v2\/posts\/17742\/revisions"}],"wp:featuredmedia":[{"embeddable":true,"href":"https:\/\/www.federacaopaulistadefutsal.com.br\/novo\/wp-json\/"}],"wp:attachment":[{"href":"https:\/\/www.federacaopaulistadefutsal.com.br\/novo\/wp-json\/wp\/v2\/media?parent=17742"}],"wp:term":[{"taxonomy":"category","embeddable":true,"href":"https:\/\/www.federacaopaulistadefutsal.com.br\/novo\/wp-json\/wp\/v2\/categories?post=17742"},{"taxonomy":"post_tag","embeddable":true,"href":"https:\/\/www.federacaopaulistadefutsal.com.br\/novo\/wp-json\/wp\/v2\/tags?post=17742"}],"curies":[{"name":"wp","href":"https:\/\/api.w.org\/{rel}","templated":true}]}}