{"id":17773,"date":"2017-08-08T12:03:16","date_gmt":"2017-08-08T12:03:16","guid":{"rendered":"http:\/\/www.federacaopaulistadefutsal.com.br\/?p=17773"},"modified":"2017-08-08T12:03:16","modified_gmt":"2017-08-08T12:03:16","slug":"marquinhos-xavier-fala-sobre-o-desafio-de-comandar-a-selecao-brasileira-de-futsal","status":"publish","type":"post","link":"https:\/\/www.federacaopaulistadefutsal.com.br\/novo\/marquinhos-xavier-fala-sobre-o-desafio-de-comandar-a-selecao-brasileira-de-futsal\/","title":{"rendered":"Marquinhos Xavier fala sobre o desafio de comandar a Sele\u00e7\u00e3o Brasileira de Futsal"},"content":{"rendered":"<p>Com passagens de destaque em trabalhos nacionais, Marquinhos Xavier ser\u00e1 o respons\u00e1vel por levar adiante o projeto da Sele\u00e7\u00e3o para a Copa do Mundo de Futsal de 2020, ainda sem local definido pela Fifa.<br \/>\nO novo treinador da Sele\u00e7\u00e3o Brasileira ganhou notoriedade nos \u00faltimos anos pelos trabalhos vitoriosos desenvolvidos na Copagril (PR), onde esteve de 2009 a 2014 e conquistou o bicampeonato paranaense e o vice-campeonato da Superliga Nacional de Futsal, al\u00e9m do mais recente trabalho no Carlos Barbosa (RS) &#8211; quando chegou a t\u00edtulos como os da Liga Nacional de Futsal, da Ta\u00e7a Brasil de Futsal e o vice-campeonato Mundial de 2016.<br \/>\nPara o treinador, assumir o comando t\u00e9cnico da Sele\u00e7\u00e3o \u00e9 uma mistura de felicidade mas tamb\u00e9m de um grande desafio, tendo em vista o tamanho e peso que o Brasil possu\u00ed no futsal.<br \/>\n\u201cAssumo o cargo mais importante da modalidade, com um misto de alegria e um tremendo desafio. Temos um momento de extrema transforma\u00e7\u00e3o, nessa hora, cautela e p\u00e9s no ch\u00e3o podem fazer diferen\u00e7a. Sou parte disso tudo, creio na possibilidade de construir isso com a comiss\u00e3o t\u00e9cnica. Trabalhei muito para estar aqui, de uma forma muito franca e clara, sempre para o coletivo\u201d, disse Marquinhos Xavier.<\/p>\n","protected":false},"excerpt":{"rendered":"<p>Com passagens de destaque em trabalhos nacionais, Marquinhos Xavier ser\u00e1 o respons\u00e1vel por levar adiante o projeto da Sele\u00e7\u00e3o para<\/p>\n","protected":false},"author":1,"featured_media":17774,"comment_status":"closed","ping_status":"open","sticky":false,"template":"","format":"standard","meta":{"footnotes":""},"categories":[25,35],"tags":[563,42,1147,2240,2485],"class_list":["post-17773","post","type-post","status-publish","format-standard","has-post-thumbnail","hentry","category-destaques","category-selecao","tag-cbfs","tag-fpfs","tag-futsal-masculino","tag-selecao-brasileira","tag-treinador"],"_links":{"self":[{"href":"https:\/\/www.federacaopaulistadefutsal.com.br\/novo\/wp-json\/wp\/v2\/posts\/17773","targetHints":{"allow":["GET"]}}],"collection":[{"href":"https:\/\/www.federacaopaulistadefutsal.com.br\/novo\/wp-json\/wp\/v2\/posts"}],"about":[{"href":"https:\/\/www.federacaopaulistadefutsal.com.br\/novo\/wp-json\/wp\/v2\/types\/post"}],"author":[{"embeddable":true,"href":"https:\/\/www.federacaopaulistadefutsal.com.br\/novo\/wp-json\/wp\/v2\/users\/1"}],"replies":[{"embeddable":true,"href":"https:\/\/www.federacaopaulistadefutsal.com.br\/novo\/wp-json\/wp\/v2\/comments?post=17773"}],"version-history":[{"count":0,"href":"https:\/\/www.federacaopaulistadefutsal.com.br\/novo\/wp-json\/wp\/v2\/posts\/17773\/revisions"}],"wp:featuredmedia":[{"embeddable":true,"href":"https:\/\/www.federacaopaulistadefutsal.com.br\/novo\/wp-json\/"}],"wp:attachment":[{"href":"https:\/\/www.federacaopaulistadefutsal.com.br\/novo\/wp-json\/wp\/v2\/media?parent=17773"}],"wp:term":[{"taxonomy":"category","embeddable":true,"href":"https:\/\/www.federacaopaulistadefutsal.com.br\/novo\/wp-json\/wp\/v2\/categories?post=17773"},{"taxonomy":"post_tag","embeddable":true,"href":"https:\/\/www.federacaopaulistadefutsal.com.br\/novo\/wp-json\/wp\/v2\/tags?post=17773"}],"curies":[{"name":"wp","href":"https:\/\/api.w.org\/{rel}","templated":true}]}}